{"id":156741,"date":"2020-03-13T08:30:58","date_gmt":"2020-03-13T11:30:58","guid":{"rendered":"https:\/\/diarioregionaldigital.com.br\/?p=156741"},"modified":"2020-03-12T18:48:29","modified_gmt":"2020-03-12T21:48:29","slug":"fiscaliza-jf-visita-a-ubs-de-paula-lima-a-pedido-dos-moradores","status":"publish","type":"post","link":"https:\/\/diarioregionaldigital.com.br\/?p=156741","title":{"rendered":"Fiscaliza JF visita a UBS de Paula Lima, a pedido dos moradores"},"content":{"rendered":"<p>A unidade b\u00e1sica de sa\u00fade do bairro Paula Lima recebeu a visita do Fiscaliza JF nessa semana. O presidente do conselho local de sa\u00fade chamou aten\u00e7\u00e3o para as necessidades da UBS. \u201cO problema \u00e9 que aqui \u00e9 pequeno, n\u00e3o tem lugar para as pessoas ficarem e, \u00e0s vezes, falta rem\u00e9dio\u201d, disse Valter Evangelista Louren\u00e7o. De acordo com o presidente do conselho de sa\u00fade, j\u00e1 existe um projeto para uma obra de amplia\u00e7\u00e3o. \u201cFui na Secretaria de Sa\u00fade e entreguei uma c\u00f3pia desse projeto. E o prefeito falou que j\u00e1 ia come\u00e7ar a obra, mas n\u00e3o come\u00e7ou\u201d.<\/p>\n<p>O bairro Paula Lima \u00e9 considerado um n\u00facleo urbano e fica 46 quil\u00f4metros distante do centro de Juiz de Fora. De acordo com o m\u00e9dico e a enfermeira que estavam trabalhando na UBS no momento da visita do Fiscaliza, uma m\u00e9dia de 500 pessoas por m\u00eas \u00e9 atendida no local, que tamb\u00e9m recebe moradores de Varginha, Tingu\u00e1 e S\u00edtio dos Pinheiros.<\/p>\n<p>O Presidente da C\u00e2mara, Luiz Ot\u00e1vio Fernandes Coelho &#8211; Pardal (PTC), acompanhou a visita a Paula Lima. Com a planta baixa da amplia\u00e7\u00e3o da UBS em m\u00e3os, ele constatou: \u201c\u00e9 necess\u00e1rio ampliar um pouco mais pra poder dar mais acessibilidade \u00e0s pessoas que fazem uso, bem como aos profissionais\u201d. A assessoria dos vereadores Marlon Siqueira e Kennedy Ribeiro (ambos do MDB) tamb\u00e9m participaram da visita.<\/p>\n<p>O respons\u00e1vel pelo Fiscaliza JF, Vin\u00edcius Martins, disse que, no relat\u00f3rio que ser\u00e1 enviado \u00e0 prefeitura, ficar\u00e1 registrado que a unidade precisa de amplia\u00e7\u00e3o. \u201cVamos perguntar ao Executivo se de fato existe algum projeto de reforma, se existe alguma emenda parlamentar destinada \u00e0 obra e, se ela existe, por que motivo ainda n\u00e3o houve a execu\u00e7\u00e3o da amplia\u00e7\u00e3o. Por fim, a gente precisa dar uma resposta a esta comunidade sobre as raz\u00f5es pelas quais encontramos a unidade nessas condi\u00e7\u00f5es, apesar do trabalho louv\u00e1vel dos profissionais, que conseguem manter, em uma estrutura pequena, um trabalho relativamente grande\u201d.<\/p>\n<p>&nbsp;<\/p>\n<p><strong>Fonte:\u00a0<\/strong>Assessoria<\/p>\n","protected":false},"excerpt":{"rendered":"<p>A unidade b\u00e1sica de sa\u00fade do bairro Paula Lima recebeu a visita do Fiscaliza JF nessa semana. O presidente do conselho local de sa\u00fade chamou aten\u00e7\u00e3o para as necessidades da UBS. \u201cO problema \u00e9 que aqui \u00e9 pequeno, n\u00e3o tem lugar para as pessoas ficarem e, \u00e0s vezes, falta rem\u00e9dio\u201d, disse Valter Evangelista Louren\u00e7o. De [&hellip;]<\/p>\n","protected":false},"author":96,"featured_media":156742,"comment_status":"closed","ping_status":"closed","sticky":false,"template":"","format":"standard","meta":{"footnotes":""},"categories":[253,436,439],"tags":[],"class_list":["post-156741","post","type-post","status-publish","format-standard","has-post-thumbnail","hentry","category-cidade","category-destaque-da-semana","category-ultima-hora"],"_links":{"self":[{"href":"https:\/\/diarioregionaldigital.com.br\/index.php?rest_route=\/wp\/v2\/posts\/156741","targetHints":{"allow":["GET"]}}],"collection":[{"href":"https:\/\/diarioregionaldigital.com.br\/index.php?rest_route=\/wp\/v2\/posts"}],"about":[{"href":"https:\/\/diarioregionaldigital.com.br\/index.php?rest_route=\/wp\/v2\/types\/post"}],"author":[{"embeddable":true,"href":"https:\/\/diarioregionaldigital.com.br\/index.php?rest_route=\/wp\/v2\/users\/96"}],"replies":[{"embeddable":true,"href":"https:\/\/diarioregionaldigital.com.br\/index.php?rest_route=%2Fwp%2Fv2%2Fcomments&post=156741"}],"version-history":[{"count":0,"href":"https:\/\/diarioregionaldigital.com.br\/index.php?rest_route=\/wp\/v2\/posts\/156741\/revisions"}],"wp:featuredmedia":[{"embeddable":true,"href":"https:\/\/diarioregionaldigital.com.br\/index.php?rest_route=\/wp\/v2\/media\/156742"}],"wp:attachment":[{"href":"https:\/\/diarioregionaldigital.com.br\/index.php?rest_route=%2Fwp%2Fv2%2Fmedia&parent=156741"}],"wp:term":[{"taxonomy":"category","embeddable":true,"href":"https:\/\/diarioregionaldigital.com.br\/index.php?rest_route=%2Fwp%2Fv2%2Fcategories&post=156741"},{"taxonomy":"post_tag","embeddable":true,"href":"https:\/\/diarioregionaldigital.com.br\/index.php?rest_route=%2Fwp%2Fv2%2Ftags&post=156741"}],"curies":[{"name":"wp","href":"https:\/\/api.w.org\/{rel}","templated":true}]}}