{"id":156738,"date":"2020-03-13T08:00:40","date_gmt":"2020-03-13T11:00:40","guid":{"rendered":"https:\/\/diarioregionaldigital.com.br\/?p=156738"},"modified":"2020-03-12T18:46:20","modified_gmt":"2020-03-12T21:46:20","slug":"novas-vagas-da-area-azul-comecam-a-funcionar-na-segunda-feira","status":"publish","type":"post","link":"https:\/\/diarioregionaldigital.com.br\/?p=156738","title":{"rendered":"Novas vagas da \u201c\u00c1rea Azul\u201d come\u00e7am a funcionar na segunda-feira"},"content":{"rendered":"<p>A Secretaria de Transportes e Tr\u00e2nsito (Settra) da Prefeitura de Juiz de Fora (PJF), por meio da Estapar, empresa respons\u00e1vel pela presta\u00e7\u00e3o de servi\u00e7os nos estacionamentos rotativos pagos da cidade, dar\u00e1 in\u00edcio nesta segunda-feira (16), ao funcionamento de novas 232 vagas na \u201c\u00c1rea Azul\u201d. Elas estar\u00e3o distribu\u00eddas nas seguintes avenidas e ruas: Batista de Oliveira, no trecho entre Sampaio e Ant\u00f4nio Carlos, 30 vagas; Sampaio, entre Bar\u00e3o do Rio Branco e Bar\u00e3o de Santa Helena, 39; Delfim Moreira, entre Bar\u00e3o do Rio Branco e Batista de Oliveira, 21; Carlos Chagas, em toda sua extens\u00e3o, 25; Silva Jardim, entre Tiradentes e Santo Ant\u00f4nio, 50; Luiz Perry, entre Santo Ant\u00f4nio e Tiradentes, 54; Bar\u00e3o de Cataguases, entre Santo Ant\u00f4nio e Doutor Jo\u00e3o Pinheiro, 13.<\/p>\n<p>A medida faz parte do edital que estipula o n\u00famero total de vagas deste tipo que pode operar na cidade. Com isso, o Munic\u00edpio passa a contar agora com 2.563 vagas destinadas \u00e0 \u201c\u00c1rea Azul\u201d.<\/p>\n<p>&nbsp;<\/p>\n<p><strong>Fonte:\u00a0<\/strong>Assessoria<\/p>\n","protected":false},"excerpt":{"rendered":"<p>A Secretaria de Transportes e Tr\u00e2nsito (Settra) da Prefeitura de Juiz de Fora (PJF), por meio da Estapar, empresa respons\u00e1vel pela presta\u00e7\u00e3o de servi\u00e7os nos estacionamentos rotativos pagos da cidade, dar\u00e1 in\u00edcio nesta segunda-feira (16), ao funcionamento de novas 232 vagas na \u201c\u00c1rea Azul\u201d. Elas estar\u00e3o distribu\u00eddas nas seguintes avenidas e ruas: Batista de Oliveira, [&hellip;]<\/p>\n","protected":false},"author":96,"featured_media":156739,"comment_status":"closed","ping_status":"closed","sticky":false,"template":"","format":"standard","meta":{"footnotes":""},"categories":[253,436,439],"tags":[],"class_list":["post-156738","post","type-post","status-publish","format-standard","has-post-thumbnail","hentry","category-cidade","category-destaque-da-semana","category-ultima-hora"],"_links":{"self":[{"href":"https:\/\/diarioregionaldigital.com.br\/index.php?rest_route=\/wp\/v2\/posts\/156738","targetHints":{"allow":["GET"]}}],"collection":[{"href":"https:\/\/diarioregionaldigital.com.br\/index.php?rest_route=\/wp\/v2\/posts"}],"about":[{"href":"https:\/\/diarioregionaldigital.com.br\/index.php?rest_route=\/wp\/v2\/types\/post"}],"author":[{"embeddable":true,"href":"https:\/\/diarioregionaldigital.com.br\/index.php?rest_route=\/wp\/v2\/users\/96"}],"replies":[{"embeddable":true,"href":"https:\/\/diarioregionaldigital.com.br\/index.php?rest_route=%2Fwp%2Fv2%2Fcomments&post=156738"}],"version-history":[{"count":0,"href":"https:\/\/diarioregionaldigital.com.br\/index.php?rest_route=\/wp\/v2\/posts\/156738\/revisions"}],"wp:featuredmedia":[{"embeddable":true,"href":"https:\/\/diarioregionaldigital.com.br\/index.php?rest_route=\/wp\/v2\/media\/156739"}],"wp:attachment":[{"href":"https:\/\/diarioregionaldigital.com.br\/index.php?rest_route=%2Fwp%2Fv2%2Fmedia&parent=156738"}],"wp:term":[{"taxonomy":"category","embeddable":true,"href":"https:\/\/diarioregionaldigital.com.br\/index.php?rest_route=%2Fwp%2Fv2%2Fcategories&post=156738"},{"taxonomy":"post_tag","embeddable":true,"href":"https:\/\/diarioregionaldigital.com.br\/index.php?rest_route=%2Fwp%2Fv2%2Ftags&post=156738"}],"curies":[{"name":"wp","href":"https:\/\/api.w.org\/{rel}","templated":true}]}}