{"id":156735,"date":"2020-03-13T07:30:34","date_gmt":"2020-03-13T10:30:34","guid":{"rendered":"https:\/\/diarioregionaldigital.com.br\/?p=156735"},"modified":"2020-03-12T18:43:32","modified_gmt":"2020-03-12T21:43:32","slug":"projeto-preve-prioridade-no-sus-a-beneficiarios-de-auxilio-doenca-e-acidente","status":"publish","type":"post","link":"https:\/\/diarioregionaldigital.com.br\/?p=156735","title":{"rendered":"Projeto prev\u00ea prioridade no SUS a benefici\u00e1rios de aux\u00edlio-doen\u00e7a e acidente"},"content":{"rendered":"<p>O Projeto de Lei 149\/20 prioriza, no \u00e2mbito do Sistema \u00danico de Sa\u00fade (SUS), as pessoas que estejam recebendo aux\u00edlio-doen\u00e7a ou acidente. Esses cidad\u00e3os, conforme a proposta, dever\u00e3o ser atendidos em at\u00e9 90 dias para a realiza\u00e7\u00e3o de exames, cirurgias e procedimentos prescritos em per\u00edcia m\u00e9dica do Instituto Nacional do Seguro Social (INSS).<\/p>\n<p>O texto, do deputado Capit\u00e3o Wagner (Pros-CE), tramita na C\u00e2mara dos Deputados e altera a Lei Org\u00e2nica da Sa\u00fade. O parlamentar argumenta que a indefini\u00e7\u00e3o acerca de um tempo m\u00e1ximo de espera nesses casos prejudica inclusive o Estado, que continua a pagar tais benef\u00edcios.<\/p>\n<p>\u201cA agiliza\u00e7\u00e3o dos atendimentos possibilitar\u00e1, al\u00e9m da recupera\u00e7\u00e3o mais r\u00e1pida da sa\u00fade dos indiv\u00edduos, um efetivo desafogo nas contas p\u00fablicas\u201d, acredita Capit\u00e3o Wagner.<\/p>\n<p>O projeto excetua da regra as unidades de terapia intensiva e os casos de urg\u00eancia e emerg\u00eancia, que exigem tratamento imediato. Al\u00e9m disso, o Poder P\u00fablico dever\u00e1 providenciar atendimento privado caso o atendimento priorit\u00e1rio n\u00e3o seja realizado por meio do SUS no prazo de 90 dias.<\/p>\n<p>O descumprimento das medidas previstas implicar\u00e1 em abertura de processo administrativo para apura\u00e7\u00e3o da responsabilidade e aplica\u00e7\u00e3o das penalidades cab\u00edveis.<\/p>\n<p><strong>Tramita\u00e7\u00e3o<\/strong><\/p>\n<p>A proposta, que tramita em car\u00e1ter conclusivo, ser\u00e1 analisada pelas comiss\u00f5es de Seguridade Social e Fam\u00edlia; de Finan\u00e7as e Tributa\u00e7\u00e3o; e de Constitui\u00e7\u00e3o e Justi\u00e7a e de Cidadania.<\/p>\n<p>&nbsp;<\/p>\n<p><strong>Fonte:\u00a0<\/strong>Ag\u00eancia C\u00e2mara<\/p>\n","protected":false},"excerpt":{"rendered":"<p>O Projeto de Lei 149\/20 prioriza, no \u00e2mbito do Sistema \u00danico de Sa\u00fade (SUS), as pessoas que estejam recebendo aux\u00edlio-doen\u00e7a ou acidente. Esses cidad\u00e3os, conforme a proposta, dever\u00e3o ser atendidos em at\u00e9 90 dias para a realiza\u00e7\u00e3o de exames, cirurgias e procedimentos prescritos em per\u00edcia m\u00e9dica do Instituto Nacional do Seguro Social (INSS). O texto, [&hellip;]<\/p>\n","protected":false},"author":96,"featured_media":156736,"comment_status":"closed","ping_status":"closed","sticky":false,"template":"","format":"standard","meta":{"footnotes":""},"categories":[436,440,254,439],"tags":[],"class_list":["post-156735","post","type-post","status-publish","format-standard","has-post-thumbnail","hentry","category-destaque-da-semana","category-destaques-do-dia","category-politica","category-ultima-hora"],"_links":{"self":[{"href":"https:\/\/diarioregionaldigital.com.br\/index.php?rest_route=\/wp\/v2\/posts\/156735","targetHints":{"allow":["GET"]}}],"collection":[{"href":"https:\/\/diarioregionaldigital.com.br\/index.php?rest_route=\/wp\/v2\/posts"}],"about":[{"href":"https:\/\/diarioregionaldigital.com.br\/index.php?rest_route=\/wp\/v2\/types\/post"}],"author":[{"embeddable":true,"href":"https:\/\/diarioregionaldigital.com.br\/index.php?rest_route=\/wp\/v2\/users\/96"}],"replies":[{"embeddable":true,"href":"https:\/\/diarioregionaldigital.com.br\/index.php?rest_route=%2Fwp%2Fv2%2Fcomments&post=156735"}],"version-history":[{"count":0,"href":"https:\/\/diarioregionaldigital.com.br\/index.php?rest_route=\/wp\/v2\/posts\/156735\/revisions"}],"wp:featuredmedia":[{"embeddable":true,"href":"https:\/\/diarioregionaldigital.com.br\/index.php?rest_route=\/wp\/v2\/media\/156736"}],"wp:attachment":[{"href":"https:\/\/diarioregionaldigital.com.br\/index.php?rest_route=%2Fwp%2Fv2%2Fmedia&parent=156735"}],"wp:term":[{"taxonomy":"category","embeddable":true,"href":"https:\/\/diarioregionaldigital.com.br\/index.php?rest_route=%2Fwp%2Fv2%2Fcategories&post=156735"},{"taxonomy":"post_tag","embeddable":true,"href":"https:\/\/diarioregionaldigital.com.br\/index.php?rest_route=%2Fwp%2Fv2%2Ftags&post=156735"}],"curies":[{"name":"wp","href":"https:\/\/api.w.org\/{rel}","templated":true}]}}