{"id":156265,"date":"2020-03-04T17:58:36","date_gmt":"2020-03-04T20:58:36","guid":{"rendered":"https:\/\/diarioregionaldigital.com.br\/?p=156265"},"modified":"2020-03-04T17:58:36","modified_gmt":"2020-03-04T20:58:36","slug":"jovem-tem-bicicleta-roubada-por-dois-individuos","status":"publish","type":"post","link":"https:\/\/diarioregionaldigital.com.br\/?p=156265","title":{"rendered":"Jovem tem bicicleta roubada por dois indiv\u00edduos"},"content":{"rendered":"<p>Um jovem de 26 anos teve sua bicicleta roubada por dois indiv\u00edduos, no Bairro Bom Pastor (Regi\u00e3o Central) em Juiz de Fora. A v\u00edtima relatou que foi abordada pelos dois autores e os mesmos levaram o celular e a mochila. Os suspeitos fugiram em dire\u00e7\u00e3o ao Bairro Furtado de Menezes.<\/p>\n","protected":false},"excerpt":{"rendered":"<p>Um jovem de 26 anos teve sua bicicleta roubada por dois indiv\u00edduos, no Bairro Bom Pastor (Regi\u00e3o Central) em Juiz de Fora. A v\u00edtima relatou que foi abordada pelos dois autores e os mesmos levaram o celular e a mochila. Os suspeitos fugiram em dire\u00e7\u00e3o ao Bairro Furtado de Menezes.<\/p>\n","protected":false},"author":96,"featured_media":97342,"comment_status":"closed","ping_status":"closed","sticky":false,"template":"","format":"standard","meta":{"footnotes":""},"categories":[301,436,439],"tags":[],"class_list":["post-156265","post","type-post","status-publish","format-standard","has-post-thumbnail","hentry","category-artigos-policiais","category-destaque-da-semana","category-ultima-hora"],"_links":{"self":[{"href":"https:\/\/diarioregionaldigital.com.br\/index.php?rest_route=\/wp\/v2\/posts\/156265","targetHints":{"allow":["GET"]}}],"collection":[{"href":"https:\/\/diarioregionaldigital.com.br\/index.php?rest_route=\/wp\/v2\/posts"}],"about":[{"href":"https:\/\/diarioregionaldigital.com.br\/index.php?rest_route=\/wp\/v2\/types\/post"}],"author":[{"embeddable":true,"href":"https:\/\/diarioregionaldigital.com.br\/index.php?rest_route=\/wp\/v2\/users\/96"}],"replies":[{"embeddable":true,"href":"https:\/\/diarioregionaldigital.com.br\/index.php?rest_route=%2Fwp%2Fv2%2Fcomments&post=156265"}],"version-history":[{"count":0,"href":"https:\/\/diarioregionaldigital.com.br\/index.php?rest_route=\/wp\/v2\/posts\/156265\/revisions"}],"wp:featuredmedia":[{"embeddable":true,"href":"https:\/\/diarioregionaldigital.com.br\/index.php?rest_route=\/wp\/v2\/media\/97342"}],"wp:attachment":[{"href":"https:\/\/diarioregionaldigital.com.br\/index.php?rest_route=%2Fwp%2Fv2%2Fmedia&parent=156265"}],"wp:term":[{"taxonomy":"category","embeddable":true,"href":"https:\/\/diarioregionaldigital.com.br\/index.php?rest_route=%2Fwp%2Fv2%2Fcategories&post=156265"},{"taxonomy":"post_tag","embeddable":true,"href":"https:\/\/diarioregionaldigital.com.br\/index.php?rest_route=%2Fwp%2Fv2%2Ftags&post=156265"}],"curies":[{"name":"wp","href":"https:\/\/api.w.org\/{rel}","templated":true}]}}