{"id":156262,"date":"2020-03-04T17:33:45","date_gmt":"2020-03-04T20:33:45","guid":{"rendered":"https:\/\/diarioregionaldigital.com.br\/?p=156262"},"modified":"2020-03-04T17:33:45","modified_gmt":"2020-03-04T20:33:45","slug":"policia-civil-deflagra-operacao-e-tres-suspeitos-sao-presos-na-vila-alpina","status":"publish","type":"post","link":"https:\/\/diarioregionaldigital.com.br\/?p=156262","title":{"rendered":"Pol\u00edcia Civil deflagra opera\u00e7\u00e3o e tr\u00eas suspeitos s\u00e3o presos na Vila Alpina"},"content":{"rendered":"<p>A Pol\u00edcia Civil de Minas Gerais, nesta quarta-feira (04), desencadeou uma opera\u00e7\u00e3o no Bairro Vila Alpina, em Juiz de Fora, visando o combate do tr\u00e1fico de drogas.<br \/>\nUma equipe de policiais da Delegacia Especializada de Antidrogas (DEA), durante a a\u00e7\u00e3o, apreenderam 27 buchas de maconha, um frasco contendo l\u00f3l\u00f3, balan\u00e7a de precis\u00e3o, material para embalar drogas e um ve\u00edculo (Peugeot 206). Na a\u00e7\u00e3o, foram presos tr\u00eas homens suspeitos de tr\u00e1fico de drogas, de 28, 24 e 22 anos, que tiveram o flagrante ratificado e foram encaminhados para uma unidade prisional. Dois suspeitos tamb\u00e9m foram detidos por uso de intorpecentes e foram liberados ap\u00f3s confec\u00e7\u00e3o do TCO.<\/p>\n<p>Conforme destacou a autoridade policial, Rafael Gomes, o bairro tem sido palco de diversos crimes graves, como homicidios e tr\u00e1fico de drogas, e a a\u00e7\u00e3o visa coibir a incid\u00eancia do tr\u00e1fico na regi\u00e3o.<\/p>\n<p>&nbsp;<\/p>\n<p><strong>Fonte:\u00a0<\/strong>Assessoria<\/p>\n","protected":false},"excerpt":{"rendered":"<p>A Pol\u00edcia Civil de Minas Gerais, nesta quarta-feira (04), desencadeou uma opera\u00e7\u00e3o no Bairro Vila Alpina, em Juiz de Fora, visando o combate do tr\u00e1fico de drogas. Uma equipe de policiais da Delegacia Especializada de Antidrogas (DEA), durante a a\u00e7\u00e3o, apreenderam 27 buchas de maconha, um frasco contendo l\u00f3l\u00f3, balan\u00e7a de precis\u00e3o, material para embalar [&hellip;]<\/p>\n","protected":false},"author":96,"featured_media":97342,"comment_status":"closed","ping_status":"closed","sticky":false,"template":"","format":"standard","meta":{"footnotes":""},"categories":[301,436,439],"tags":[],"class_list":["post-156262","post","type-post","status-publish","format-standard","has-post-thumbnail","hentry","category-artigos-policiais","category-destaque-da-semana","category-ultima-hora"],"_links":{"self":[{"href":"https:\/\/diarioregionaldigital.com.br\/index.php?rest_route=\/wp\/v2\/posts\/156262","targetHints":{"allow":["GET"]}}],"collection":[{"href":"https:\/\/diarioregionaldigital.com.br\/index.php?rest_route=\/wp\/v2\/posts"}],"about":[{"href":"https:\/\/diarioregionaldigital.com.br\/index.php?rest_route=\/wp\/v2\/types\/post"}],"author":[{"embeddable":true,"href":"https:\/\/diarioregionaldigital.com.br\/index.php?rest_route=\/wp\/v2\/users\/96"}],"replies":[{"embeddable":true,"href":"https:\/\/diarioregionaldigital.com.br\/index.php?rest_route=%2Fwp%2Fv2%2Fcomments&post=156262"}],"version-history":[{"count":0,"href":"https:\/\/diarioregionaldigital.com.br\/index.php?rest_route=\/wp\/v2\/posts\/156262\/revisions"}],"wp:featuredmedia":[{"embeddable":true,"href":"https:\/\/diarioregionaldigital.com.br\/index.php?rest_route=\/wp\/v2\/media\/97342"}],"wp:attachment":[{"href":"https:\/\/diarioregionaldigital.com.br\/index.php?rest_route=%2Fwp%2Fv2%2Fmedia&parent=156262"}],"wp:term":[{"taxonomy":"category","embeddable":true,"href":"https:\/\/diarioregionaldigital.com.br\/index.php?rest_route=%2Fwp%2Fv2%2Fcategories&post=156262"},{"taxonomy":"post_tag","embeddable":true,"href":"https:\/\/diarioregionaldigital.com.br\/index.php?rest_route=%2Fwp%2Fv2%2Ftags&post=156262"}],"curies":[{"name":"wp","href":"https:\/\/api.w.org\/{rel}","templated":true}]}}