{"id":156247,"date":"2020-03-04T16:56:18","date_gmt":"2020-03-04T19:56:18","guid":{"rendered":"https:\/\/diarioregionaldigital.com.br\/?p=156247"},"modified":"2020-03-04T16:56:18","modified_gmt":"2020-03-04T19:56:18","slug":"situacao-da-praca-de-santa-terezinha-e-discutida-na-camara-municipal","status":"publish","type":"post","link":"https:\/\/diarioregionaldigital.com.br\/?p=156247","title":{"rendered":"Situa\u00e7\u00e3o da pra\u00e7a de Santa Terezinha \u00e9 discutida na C\u00e2mara Municipal"},"content":{"rendered":"<p><span style=\"font-weight: 400;\">Com o objetivo de discutir como melhorar a seguran\u00e7a e promover atividades na Pra\u00e7a Professor Benjamin Colucci, localizada no bairro Santa Terezinha, o presidente da Comiss\u00e3o de Seguran\u00e7a P\u00fablica, Sargento Mello Casal (PTB), organizou reuni\u00e3o nesta ter\u00e7a-feira, 3. Tamb\u00e9m estiveram presentes o presidente da Comiss\u00e3o de Urbanismo, Z\u00e9 M\u00e1rcio &#8211; Garotinho (PV), e a vereadora Ana do Pde. Frederico (MDB).\u00a0<\/span><\/p>\n<p><span style=\"font-weight: 400;\">Como explica Mello Casal, o encontro serviu para avaliar a situa\u00e7\u00e3o e refletir sobre como investir em infraestrutura e aproveitar o espa\u00e7o. \u201c\u00c9 preciso dar uma defini\u00e7\u00e3o para a pra\u00e7a. Hoje reunimos pessoas envolvidas para discutir maneiras de melhorar o local\u201d, conta. De acordo com o vereador, os moradores manifestaram interesse em receber eventos como feiras e projetos sociais. Al\u00e9m disso, apontaram a necessidade de coibir o uso de drogas na pra\u00e7a. Atualmente, os vizinhos se organizam por conta pr\u00f3pria para manter o espa\u00e7o capinado.\u00a0<\/span><\/p>\n<p><span style=\"font-weight: 400;\">Participaram da reuni\u00e3o, ainda, representantes das secretarias de Desenvolvimento Econ\u00f4mico, Turismo e Agropecu\u00e1ria (Sedeta); de Seguran\u00e7a Urbana e Cidadania (Sesuc); de Meio Ambiente e Ordenamento Urbano (Semaur); de Desenvolvimento Social (SDS); do Sindicato de hot\u00e9is, restaurantes, bares e similares de Juiz de Fora (SHRBSJF); e da Associa\u00e7\u00e3o de moradores do bairro Santa Terezinha.\u00a0<\/span><\/p>\n<p><b>Ado\u00e7\u00e3o de pra\u00e7as\u00a0<\/b><\/p>\n<p><span style=\"font-weight: 400;\">Uma das alternativas para aprimorar a infraestrutura da Pra\u00e7a Santa Terezinha se apresenta por meio da pol\u00edtica de ado\u00e7\u00e3o de espa\u00e7os p\u00fablicos. Al\u00e9m de se responsabilizar pela manuten\u00e7\u00e3o e melhoria do local, o adotante pode exercer atividades de interesse da comunidade. A Prefeitura de Juiz de Fora abriu edital em outubro para receber propostas de ado\u00e7\u00e3o para as pra\u00e7as da cidade. O secret\u00e1rio de desenvolvimento econ\u00f4mico, turismo e agropecu\u00e1ria, R\u00f4mulo Veiga, esclarece como funciona o processo: \u201cas entidades privadas ou associa\u00e7\u00f5es de moradores que queiram e tenham disponibilidade financeira para cuidar da pra\u00e7a podem fazer uma proposta de zeladoria e ocupa\u00e7\u00e3o ao munic\u00edpio. Na modalidade n\u00e3o onerosa, a adotante n\u00e3o pode explorar comercialmente a pra\u00e7a, mas pode colocar ali qualquer atividade de impacto sociocultural positivo\u201d, pontua.\u00a0<\/span><\/p>\n<p><span style=\"font-weight: 400;\">A associa\u00e7\u00e3o de moradores entrou com requerimento para adotar a Pra\u00e7a de Santa Terezinha. O resultado da solicita\u00e7\u00e3o ser\u00e1 divulgado pelo Executivo na segunda quinzena deste m\u00eas. A previs\u00e3o \u00e9 que a pra\u00e7a seja reformulada, com a coloca\u00e7\u00e3o de biciclet\u00e1rio, implanta\u00e7\u00e3o de mais um ponto de acessibilidade na cal\u00e7ada, pintura do meio fio e investimento em jardinagem. Al\u00e9m disso, j\u00e1 h\u00e1 uma emenda parlamentar da vereadora Ana destinada \u00e0 instala\u00e7\u00e3o de academia ao ar livre.\u00a0<\/span><\/p>\n<p><span style=\"font-weight: 400;\">A vice-presidente da associa\u00e7\u00e3o de moradores, Dagmar Pontes, aponta que, caso o projeto seja aprovado pela Prefeitura, haver\u00e1 o aux\u00edlio de empres\u00e1rios e institui\u00e7\u00f5es ligadas ao bairro. \u201cA nossa proposta de apadrinhamento prev\u00ea um ano para colocarmos em pr\u00e1tica todo o projeto. A gente quer promover atividades, limpar o espa\u00e7o, reestruturar as cal\u00e7adas e voltar com a jardinagem antiga, pois a nossa pra\u00e7a era linda\u201d, pontuou.\u00a0<\/span><\/p>\n<p>&nbsp;<\/p>\n<p><strong>Fonte:<\/strong>\u00a0Assessoria<\/p>\n","protected":false},"excerpt":{"rendered":"<p>Com o objetivo de discutir como melhorar a seguran\u00e7a e promover atividades na Pra\u00e7a Professor Benjamin Colucci, localizada no bairro Santa Terezinha, o presidente da Comiss\u00e3o de Seguran\u00e7a P\u00fablica, Sargento Mello Casal (PTB), organizou reuni\u00e3o nesta ter\u00e7a-feira, 3. Tamb\u00e9m estiveram presentes o presidente da Comiss\u00e3o de Urbanismo, Z\u00e9 M\u00e1rcio &#8211; Garotinho (PV), e a vereadora [&hellip;]<\/p>\n","protected":false},"author":96,"featured_media":156248,"comment_status":"closed","ping_status":"closed","sticky":false,"template":"","format":"standard","meta":{"footnotes":""},"categories":[253,436,439],"tags":[],"class_list":["post-156247","post","type-post","status-publish","format-standard","has-post-thumbnail","hentry","category-cidade","category-destaque-da-semana","category-ultima-hora"],"_links":{"self":[{"href":"https:\/\/diarioregionaldigital.com.br\/index.php?rest_route=\/wp\/v2\/posts\/156247","targetHints":{"allow":["GET"]}}],"collection":[{"href":"https:\/\/diarioregionaldigital.com.br\/index.php?rest_route=\/wp\/v2\/posts"}],"about":[{"href":"https:\/\/diarioregionaldigital.com.br\/index.php?rest_route=\/wp\/v2\/types\/post"}],"author":[{"embeddable":true,"href":"https:\/\/diarioregionaldigital.com.br\/index.php?rest_route=\/wp\/v2\/users\/96"}],"replies":[{"embeddable":true,"href":"https:\/\/diarioregionaldigital.com.br\/index.php?rest_route=%2Fwp%2Fv2%2Fcomments&post=156247"}],"version-history":[{"count":0,"href":"https:\/\/diarioregionaldigital.com.br\/index.php?rest_route=\/wp\/v2\/posts\/156247\/revisions"}],"wp:featuredmedia":[{"embeddable":true,"href":"https:\/\/diarioregionaldigital.com.br\/index.php?rest_route=\/wp\/v2\/media\/156248"}],"wp:attachment":[{"href":"https:\/\/diarioregionaldigital.com.br\/index.php?rest_route=%2Fwp%2Fv2%2Fmedia&parent=156247"}],"wp:term":[{"taxonomy":"category","embeddable":true,"href":"https:\/\/diarioregionaldigital.com.br\/index.php?rest_route=%2Fwp%2Fv2%2Fcategories&post=156247"},{"taxonomy":"post_tag","embeddable":true,"href":"https:\/\/diarioregionaldigital.com.br\/index.php?rest_route=%2Fwp%2Fv2%2Ftags&post=156247"}],"curies":[{"name":"wp","href":"https:\/\/api.w.org\/{rel}","templated":true}]}}