{"id":156244,"date":"2020-03-04T16:49:34","date_gmt":"2020-03-04T19:49:34","guid":{"rendered":"https:\/\/diarioregionaldigital.com.br\/?p=156244"},"modified":"2020-03-04T16:49:34","modified_gmt":"2020-03-04T19:49:34","slug":"presidente-da-camara-suspende-funcoes-de-12-deputados-por-um-ano","status":"publish","type":"post","link":"https:\/\/diarioregionaldigital.com.br\/?p=156244","title":{"rendered":"Presidente da C\u00e2mara suspende fun\u00e7\u00f5es de 12 deputados por um ano"},"content":{"rendered":"<p><span style=\"font-weight: 400;\">O presidente da C\u00e2mara dos Deputados, Rodrigo Maia (DEM-RJ), acatou um pedido da presid\u00eancia do PSL e suspendeu as fun\u00e7\u00f5es partid\u00e1rias de 12 parlamentares da legenda. A decis\u00e3o foi publicada nessa ter\u00e7a-feira (3), em edi\u00e7\u00e3o extra do <\/span><i><span style=\"font-weight: 400;\">Di\u00e1rio da C\u00e2mara<\/span><\/i><span style=\"font-weight: 400;\">. Com a suspens\u00e3o, a bancada do partido, formada por 53 deputados, cai para 41 parlamentares.<\/span><\/p>\n<p><span style=\"font-weight: 400;\">Foram suspensos de qualquer atividade partid\u00e1ria na C\u00e2mara os deputados Aline Sleutjes (PR); Bibo Nunes (RS); Carlos Jordy (RJ); Caroline de Toni (SC); Daniel Silveira (RJ); General Gir\u00e3o (RN); Filipe Barros (PR); Cabo Junio do Amaral (MG); H\u00e9lio Lopes (RJ); M\u00e1rcio Labre (RJ); Sanderson (RS) e Vitor Hugo (GO).<\/span><\/p>\n<p><span style=\"font-weight: 400;\">Com a suspens\u00e3o, os parlamentares ficam afastados do exerc\u00edcio de fun\u00e7\u00f5es de lideran\u00e7a ou vice-lideran\u00e7a e impedidos de orientar a bancada em nome do partido e de representar a legenda e de participar da escolha de l\u00edder da bancada durante o per\u00edodo de desligamento.<\/span><\/p>\n<p><span style=\"font-weight: 400;\">No dia 3 de dezembro, <\/span><span style=\"font-weight: 400;\">o PSL<\/span><span style=\"font-weight: 400;\"> confirmou a puni\u00e7\u00e3o de 18 deputados federais. A puni\u00e7\u00e3o tinha sido aprovada pela Executiva Nacional do PSL na semana anterior, com base em um parecer do Conselho de \u00c9tica da legenda.<\/span><\/p>\n<p><span style=\"font-weight: 400;\">A medida, contudo, n\u00e3o atinge os deputados que ocupem cargos de presidente ou vice-presidente de comiss\u00f5es permanentes ou tempor\u00e1rias, assim como eventuais vagas no Conselho de \u00c9tica.<\/span><\/p>\n<p><span style=\"font-weight: 400;\">Na decis\u00e3o, Maia registra que as puni\u00e7\u00f5es n\u00e3o ser\u00e3o aplicadas aos deputados Al\u00ea Silva (MG); Bia Kicis (DF); Carla Zambelli (SP); Chris Tonietto (RJ) e Eduardo Bolsonaro (SP), devido a uma decis\u00e3o liminar da Justi\u00e7a. Com isso, Eduardo Bolsonaro, atual l\u00edder do PSL na C\u00e2mara, permanece na fun\u00e7\u00e3o.<\/span><\/p>\n<p><span style=\"font-weight: 400;\">A Constitui\u00e7\u00e3o Federal diz que \u00e9 prerrogativa do partido pol\u00edtico estabelecer san\u00e7\u00f5es disciplinares em seu estatuto, bem como regular o processo de puni\u00e7\u00e3o dos seus integrantes por falta disciplinar.<\/span><\/p>\n<p><span style=\"font-weight: 400;\">No despacho, Maia explica que n\u00e3o compete \u00e0 C\u00e2mara questionar o m\u00e9rito das san\u00e7\u00f5es, devendo somente averiguar as formalidades do processo disciplinar, &#8220;bem, como os reflexos das puni\u00e7\u00f5es impostas pelo partido no \u00e2mbito da Casa Legislativa&#8221;.<\/span><\/p>\n<p><span style=\"font-weight: 400;\">Maia diz ainda que a puni\u00e7\u00e3o &#8220;traz consequ\u00eancias&#8221; n\u00e3o apenas para o parlamentar, mas tamb\u00e9m para a sigla, como, por exemplo, o c\u00e1lculo do tempo de fala de lideran\u00e7a, n\u00famero de requerimentos de destaque de bancada que podem ser apresentados e o qu\u00f3rum para a escolha do l\u00edder.\u00a0\u00a0<\/span><\/p>\n<p>&nbsp;<\/p>\n<p><strong>Fonte:<\/strong>\u00a0Ag\u00eancia Brasil<\/p>\n","protected":false},"excerpt":{"rendered":"<p>O presidente da C\u00e2mara dos Deputados, Rodrigo Maia (DEM-RJ), acatou um pedido da presid\u00eancia do PSL e suspendeu as fun\u00e7\u00f5es partid\u00e1rias de 12 parlamentares da legenda. A decis\u00e3o foi publicada nessa ter\u00e7a-feira (3), em edi\u00e7\u00e3o extra do Di\u00e1rio da C\u00e2mara. Com a suspens\u00e3o, a bancada do partido, formada por 53 deputados, cai para 41 parlamentares. [&hellip;]<\/p>\n","protected":false},"author":96,"featured_media":156245,"comment_status":"closed","ping_status":"closed","sticky":false,"template":"","format":"standard","meta":{"footnotes":""},"categories":[436,440,254,439],"tags":[],"class_list":["post-156244","post","type-post","status-publish","format-standard","has-post-thumbnail","hentry","category-destaque-da-semana","category-destaques-do-dia","category-politica","category-ultima-hora"],"_links":{"self":[{"href":"https:\/\/diarioregionaldigital.com.br\/index.php?rest_route=\/wp\/v2\/posts\/156244","targetHints":{"allow":["GET"]}}],"collection":[{"href":"https:\/\/diarioregionaldigital.com.br\/index.php?rest_route=\/wp\/v2\/posts"}],"about":[{"href":"https:\/\/diarioregionaldigital.com.br\/index.php?rest_route=\/wp\/v2\/types\/post"}],"author":[{"embeddable":true,"href":"https:\/\/diarioregionaldigital.com.br\/index.php?rest_route=\/wp\/v2\/users\/96"}],"replies":[{"embeddable":true,"href":"https:\/\/diarioregionaldigital.com.br\/index.php?rest_route=%2Fwp%2Fv2%2Fcomments&post=156244"}],"version-history":[{"count":0,"href":"https:\/\/diarioregionaldigital.com.br\/index.php?rest_route=\/wp\/v2\/posts\/156244\/revisions"}],"wp:featuredmedia":[{"embeddable":true,"href":"https:\/\/diarioregionaldigital.com.br\/index.php?rest_route=\/wp\/v2\/media\/156245"}],"wp:attachment":[{"href":"https:\/\/diarioregionaldigital.com.br\/index.php?rest_route=%2Fwp%2Fv2%2Fmedia&parent=156244"}],"wp:term":[{"taxonomy":"category","embeddable":true,"href":"https:\/\/diarioregionaldigital.com.br\/index.php?rest_route=%2Fwp%2Fv2%2Fcategories&post=156244"},{"taxonomy":"post_tag","embeddable":true,"href":"https:\/\/diarioregionaldigital.com.br\/index.php?rest_route=%2Fwp%2Fv2%2Ftags&post=156244"}],"curies":[{"name":"wp","href":"https:\/\/api.w.org\/{rel}","templated":true}]}}