{"id":156238,"date":"2020-03-04T16:19:42","date_gmt":"2020-03-04T19:19:42","guid":{"rendered":"https:\/\/diarioregionaldigital.com.br\/?p=156238"},"modified":"2020-03-04T16:19:42","modified_gmt":"2020-03-04T19:19:42","slug":"pib-fecha-2019-com-crescimento-de-11-em-relacao-a-2018","status":"publish","type":"post","link":"https:\/\/diarioregionaldigital.com.br\/?p=156238","title":{"rendered":"PIB fecha 2019 com crescimento de 1,1% em rela\u00e7\u00e3o a 2018"},"content":{"rendered":"<p>O produto interno bruto (PIB), que \u00e9 a soma de todos os bens e servi\u00e7os produzidos no pa\u00eds, fechou o ano passado com crescimento de 1,1% frente a 2018. O resultado foi alcan\u00e7ado ap\u00f3s a varia\u00e7\u00e3o do quarto trimestre de 2019, que teve alta de 0,5% na compara\u00e7\u00e3o com o per\u00edodo anterior.<\/p>\n<p>Na compara\u00e7\u00e3o com o mesmo trimestre de 2018 houve eleva\u00e7\u00e3o de 1,7%, o d\u00e9cimo segundo resultado positivo consecutivo ap\u00f3s 11 trimestres de queda. Os n\u00fameros foram divulgados hoje (4) pelo Instituto Brasileiro de Geografia e Estat\u00edstica (IBGE).<\/p>\n<p>Em valores correntes, o PIB atingiu R$ 7,3 trilh\u00f5es no ano. Do total, R$ 6,2 trilh\u00f5es se referem ao Valor Adicionado a pre\u00e7os b\u00e1sicos e R$ 1,0 bilh\u00e3o aos Impostos sobre Produtos L\u00edquidos de Subs\u00eddios. Segundo o \u00f3rg\u00e3o, a agropecu\u00e1ria e servi\u00e7os cresceram 1,3% e a ind\u00fastria 0,5%. O PIB per capita variou 0,3% em termos reais e atingiu R$ 34.533 em 2019.<\/p>\n<p><strong>Crescimento<\/strong><\/p>\n<p>De acordo com o IBGE, a expans\u00e3o de 1,1% do Valor Adicionado a pre\u00e7os b\u00e1sicos e a alta de 1,5% no volume de Impostos sobre Produtos l\u00edquidos de Subs\u00eddios contribu\u00edram para o crescimento do PIB em 2019.<\/p>\n<p>Segundo a coordenadora de contas nacionais do IBGE, Rebeca Paris, apesar de ser o terceiro ano consecutivo de crescimento, em 2017 e 2018 (1,3%), a economia brasileira ainda est\u00e1 no patamar do primeiro trimestre de 2013. \u201c N\u00e3o recuperou a perda ainda\u201d, disse de referindo as quedas que ocorreram em 2015 e 2016.<\/p>\n<p>A taxa de investimento do ano passado ficou em 15,4% do PIB, e superou o obtido em 2018, quando registrou 15,2%. A taxa de poupan\u00e7a que tinha sido de 12,4% em 2018, caiu para 12,2% em 2019.<\/p>\n<p>O IBGE informou ainda que a varia\u00e7\u00e3o no valor adicionado da Agropecu\u00e1ria no ano passado (1,3%), resultou do desempenho positivo tanto na agricultura como na pecu\u00e1ria. Os destaques foram o milho (23,6%), algod\u00e3o (39,8%), laranja (5,6%) e feij\u00e3o (2,2%).<\/p>\n<p>Na ind\u00fastria, o desempenho da atividade eletricidade e g\u00e1s, \u00e1gua, esgoto e de gest\u00e3o de res\u00edduos, que cresceu 1,9% na compara\u00e7\u00e3o a 2018, foi o destaque positivo. Com o crescimento de 1,6% em 2019, a constru\u00e7\u00e3o civil registrou o primeiro resultado positivo ap\u00f3s cinco anos seguidos de queda. O consumo das fam\u00edlias cresceu 1,8% e o consumo do governo caiu 0,4%.<\/p>\n<p>&nbsp;<\/p>\n<p><strong>Fonte:\u00a0<\/strong>Ag\u00eancia Brasil<\/p>\n","protected":false},"excerpt":{"rendered":"<p>O produto interno bruto (PIB), que \u00e9 a soma de todos os bens e servi\u00e7os produzidos no pa\u00eds, fechou o ano passado com crescimento de 1,1% frente a 2018. O resultado foi alcan\u00e7ado ap\u00f3s a varia\u00e7\u00e3o do quarto trimestre de 2019, que teve alta de 0,5% na compara\u00e7\u00e3o com o per\u00edodo anterior. Na compara\u00e7\u00e3o com [&hellip;]<\/p>\n","protected":false},"author":96,"featured_media":156239,"comment_status":"closed","ping_status":"closed","sticky":false,"template":"","format":"standard","meta":{"footnotes":""},"categories":[436,440,261,439],"tags":[],"class_list":["post-156238","post","type-post","status-publish","format-standard","has-post-thumbnail","hentry","category-destaque-da-semana","category-destaques-do-dia","category-economia","category-ultima-hora"],"_links":{"self":[{"href":"https:\/\/diarioregionaldigital.com.br\/index.php?rest_route=\/wp\/v2\/posts\/156238","targetHints":{"allow":["GET"]}}],"collection":[{"href":"https:\/\/diarioregionaldigital.com.br\/index.php?rest_route=\/wp\/v2\/posts"}],"about":[{"href":"https:\/\/diarioregionaldigital.com.br\/index.php?rest_route=\/wp\/v2\/types\/post"}],"author":[{"embeddable":true,"href":"https:\/\/diarioregionaldigital.com.br\/index.php?rest_route=\/wp\/v2\/users\/96"}],"replies":[{"embeddable":true,"href":"https:\/\/diarioregionaldigital.com.br\/index.php?rest_route=%2Fwp%2Fv2%2Fcomments&post=156238"}],"version-history":[{"count":0,"href":"https:\/\/diarioregionaldigital.com.br\/index.php?rest_route=\/wp\/v2\/posts\/156238\/revisions"}],"wp:featuredmedia":[{"embeddable":true,"href":"https:\/\/diarioregionaldigital.com.br\/index.php?rest_route=\/wp\/v2\/media\/156239"}],"wp:attachment":[{"href":"https:\/\/diarioregionaldigital.com.br\/index.php?rest_route=%2Fwp%2Fv2%2Fmedia&parent=156238"}],"wp:term":[{"taxonomy":"category","embeddable":true,"href":"https:\/\/diarioregionaldigital.com.br\/index.php?rest_route=%2Fwp%2Fv2%2Fcategories&post=156238"},{"taxonomy":"post_tag","embeddable":true,"href":"https:\/\/diarioregionaldigital.com.br\/index.php?rest_route=%2Fwp%2Fv2%2Ftags&post=156238"}],"curies":[{"name":"wp","href":"https:\/\/api.w.org\/{rel}","templated":true}]}}