{"id":156235,"date":"2020-03-04T16:17:13","date_gmt":"2020-03-04T19:17:13","guid":{"rendered":"https:\/\/diarioregionaldigital.com.br\/?p=156235"},"modified":"2020-03-04T16:17:13","modified_gmt":"2020-03-04T19:17:13","slug":"copa-do-brasil-sub-20-bragantino-pa-define-sede-para-jogo-com-tupi-mg","status":"publish","type":"post","link":"https:\/\/diarioregionaldigital.com.br\/?p=156235","title":{"rendered":"Copa do Brasil Sub-20: Bragantino-PA define sede para jogo com Tupi-MG"},"content":{"rendered":"<p><span style=\"font-weight: 400;\">A Copa do Brasil Sub-20 sofreu uma altera\u00e7\u00e3o em sua tabela original. A Diretoria de Competi\u00e7\u00f5es anunciou, nessa ter\u00e7a-feira (3), que o jogo entre Bragantino-PA x Tupi-MG j\u00e1 possui uma sede definida. Anteriormente com local ainda a definir, o confronto, v\u00e1lido pela Primeira Fase do torneio, ser\u00e1 realizado no Est\u00e1dio Diog\u00e3o, em Bragan\u00e7a-PA. A defini\u00e7\u00e3o da sede foi feita pelo Bragantino-PA, equipe mandante do confronto. A data, 18\/03, e o hor\u00e1rio, 15:00h, da disputa foram mantidos.<\/span><\/p>\n<p>&nbsp;<\/p>\n<p><b>Confira abaixo os detalhes:<\/b><\/p>\n<p><b>Bragantino\/PA x Tupi\/MG<\/b><\/p>\n<p><b>De:<\/b><span style=\"font-weight: 400;\"> local \u201ca definir\u201d<\/span><\/p>\n<p><b>Para:<\/b><span style=\"font-weight: 400;\"> Est\u00e1dio Diog\u00e3o, em Bragan\u00e7a\/PA<\/span><\/p>\n<p><b>Data:<\/b><span style=\"font-weight: 400;\"> 18\/03, quarta-feira (mantida)<\/span><\/p>\n<p><b>Hor\u00e1rio:<\/b><span style=\"font-weight: 400;\"> 15h00 (mantido)<\/span><\/p>\n<p><b>Motivo:<\/b><span style=\"font-weight: 400;\"> Defini\u00e7\u00e3o do local da partida<\/span><\/p>\n<p>&nbsp;<\/p>\n<p><strong>Fonte:<\/strong>\u00a0CBF<\/p>\n","protected":false},"excerpt":{"rendered":"<p>A Copa do Brasil Sub-20 sofreu uma altera\u00e7\u00e3o em sua tabela original. A Diretoria de Competi\u00e7\u00f5es anunciou, nessa ter\u00e7a-feira (3), que o jogo entre Bragantino-PA x Tupi-MG j\u00e1 possui uma sede definida. Anteriormente com local ainda a definir, o confronto, v\u00e1lido pela Primeira Fase do torneio, ser\u00e1 realizado no Est\u00e1dio Diog\u00e3o, em Bragan\u00e7a-PA. A defini\u00e7\u00e3o [&hellip;]<\/p>\n","protected":false},"author":96,"featured_media":156236,"comment_status":"closed","ping_status":"closed","sticky":false,"template":"","format":"standard","meta":{"footnotes":""},"categories":[436,257,439],"tags":[],"class_list":["post-156235","post","type-post","status-publish","format-standard","has-post-thumbnail","hentry","category-destaque-da-semana","category-esporte","category-ultima-hora"],"_links":{"self":[{"href":"https:\/\/diarioregionaldigital.com.br\/index.php?rest_route=\/wp\/v2\/posts\/156235","targetHints":{"allow":["GET"]}}],"collection":[{"href":"https:\/\/diarioregionaldigital.com.br\/index.php?rest_route=\/wp\/v2\/posts"}],"about":[{"href":"https:\/\/diarioregionaldigital.com.br\/index.php?rest_route=\/wp\/v2\/types\/post"}],"author":[{"embeddable":true,"href":"https:\/\/diarioregionaldigital.com.br\/index.php?rest_route=\/wp\/v2\/users\/96"}],"replies":[{"embeddable":true,"href":"https:\/\/diarioregionaldigital.com.br\/index.php?rest_route=%2Fwp%2Fv2%2Fcomments&post=156235"}],"version-history":[{"count":0,"href":"https:\/\/diarioregionaldigital.com.br\/index.php?rest_route=\/wp\/v2\/posts\/156235\/revisions"}],"wp:featuredmedia":[{"embeddable":true,"href":"https:\/\/diarioregionaldigital.com.br\/index.php?rest_route=\/wp\/v2\/media\/156236"}],"wp:attachment":[{"href":"https:\/\/diarioregionaldigital.com.br\/index.php?rest_route=%2Fwp%2Fv2%2Fmedia&parent=156235"}],"wp:term":[{"taxonomy":"category","embeddable":true,"href":"https:\/\/diarioregionaldigital.com.br\/index.php?rest_route=%2Fwp%2Fv2%2Fcategories&post=156235"},{"taxonomy":"post_tag","embeddable":true,"href":"https:\/\/diarioregionaldigital.com.br\/index.php?rest_route=%2Fwp%2Fv2%2Ftags&post=156235"}],"curies":[{"name":"wp","href":"https:\/\/api.w.org\/{rel}","templated":true}]}}