{"id":156233,"date":"2020-03-04T16:07:43","date_gmt":"2020-03-04T19:07:43","guid":{"rendered":"https:\/\/diarioregionaldigital.com.br\/?p=156233"},"modified":"2020-03-04T16:07:43","modified_gmt":"2020-03-04T19:07:43","slug":"idoso-de-84-anos-e-agredido-e-roubado-por-servente-de-pedreiro-no-santa-luzia","status":"publish","type":"post","link":"https:\/\/diarioregionaldigital.com.br\/?p=156233","title":{"rendered":"Idoso de 84 anos \u00e9 agredido e roubado por servente de pedreiro no Santa Luzia"},"content":{"rendered":"<p><span style=\"font-weight: 400;\">Um idoso de 84 anos foi agredido e roubado por um jovem de 24 anos, que havia sido contratado como servente de pedreiro, para realizar uma obra, nessa ter\u00e7a-feira (3), no Bairro Santa Luzia (Regi\u00e3o Sul) em Juiz de Fora.\u00a0<\/span><\/p>\n<p><span style=\"font-weight: 400;\">Segundo relatos da v\u00edtima, o jovem trabalhava na obra e ao realizar pagamento pelo servi\u00e7o, foi agredido pelo servente que realizou um golpe e derrubou a v\u00edtima. Neste momento o servente roubou uma quantia de R$ 50,00 em dinheiro e roubou o cart\u00e3o banc\u00e1rio da v\u00edtima.<\/span><\/p>\n<p><span style=\"font-weight: 400;\">O idoso compareceu na base de seguran\u00e7a comunit\u00e1ria e relatou que o autor do crime reside no Bairro Santa Cruz (Regi\u00e3o Noroeste). A Pol\u00edcia Militar (PM) realizou rastreamento pelo local mas n\u00e3o localizou o suspeito.<\/span><\/p>\n","protected":false},"excerpt":{"rendered":"<p>Um idoso de 84 anos foi agredido e roubado por um jovem de 24 anos, que havia sido contratado como servente de pedreiro, para realizar uma obra, nessa ter\u00e7a-feira (3), no Bairro Santa Luzia (Regi\u00e3o Sul) em Juiz de Fora.\u00a0 Segundo relatos da v\u00edtima, o jovem trabalhava na obra e ao realizar pagamento pelo servi\u00e7o, [&hellip;]<\/p>\n","protected":false},"author":96,"featured_media":97342,"comment_status":"closed","ping_status":"closed","sticky":false,"template":"","format":"standard","meta":{"footnotes":""},"categories":[301,436,439],"tags":[],"class_list":["post-156233","post","type-post","status-publish","format-standard","has-post-thumbnail","hentry","category-artigos-policiais","category-destaque-da-semana","category-ultima-hora"],"_links":{"self":[{"href":"https:\/\/diarioregionaldigital.com.br\/index.php?rest_route=\/wp\/v2\/posts\/156233","targetHints":{"allow":["GET"]}}],"collection":[{"href":"https:\/\/diarioregionaldigital.com.br\/index.php?rest_route=\/wp\/v2\/posts"}],"about":[{"href":"https:\/\/diarioregionaldigital.com.br\/index.php?rest_route=\/wp\/v2\/types\/post"}],"author":[{"embeddable":true,"href":"https:\/\/diarioregionaldigital.com.br\/index.php?rest_route=\/wp\/v2\/users\/96"}],"replies":[{"embeddable":true,"href":"https:\/\/diarioregionaldigital.com.br\/index.php?rest_route=%2Fwp%2Fv2%2Fcomments&post=156233"}],"version-history":[{"count":0,"href":"https:\/\/diarioregionaldigital.com.br\/index.php?rest_route=\/wp\/v2\/posts\/156233\/revisions"}],"wp:featuredmedia":[{"embeddable":true,"href":"https:\/\/diarioregionaldigital.com.br\/index.php?rest_route=\/wp\/v2\/media\/97342"}],"wp:attachment":[{"href":"https:\/\/diarioregionaldigital.com.br\/index.php?rest_route=%2Fwp%2Fv2%2Fmedia&parent=156233"}],"wp:term":[{"taxonomy":"category","embeddable":true,"href":"https:\/\/diarioregionaldigital.com.br\/index.php?rest_route=%2Fwp%2Fv2%2Fcategories&post=156233"},{"taxonomy":"post_tag","embeddable":true,"href":"https:\/\/diarioregionaldigital.com.br\/index.php?rest_route=%2Fwp%2Fv2%2Ftags&post=156233"}],"curies":[{"name":"wp","href":"https:\/\/api.w.org\/{rel}","templated":true}]}}