{"id":156227,"date":"2020-03-04T15:09:20","date_gmt":"2020-03-04T18:09:20","guid":{"rendered":"https:\/\/diarioregionaldigital.com.br\/?p=156227"},"modified":"2020-03-04T15:09:20","modified_gmt":"2020-03-04T18:09:20","slug":"mananciais-atingem-nivel-superior-em-relacao-ao-mesmo-periodo-de-2019","status":"publish","type":"post","link":"https:\/\/diarioregionaldigital.com.br\/?p=156227","title":{"rendered":"Mananciais atingem n\u00edvel superior em rela\u00e7\u00e3o ao mesmo per\u00edodo de 2019"},"content":{"rendered":"<p><span style=\"font-weight: 400;\">Em decorr\u00eancia do per\u00edodo chuvoso, as mananciais de Juiz de Fora, registraram n\u00edveis superiores desta quarta-feira (4), em compara\u00e7\u00e3o com o mesmo per\u00edodo de 2019. Segundo dados divulgados pela Companhia de Saneamento B\u00e1sico Municipal (Cesama), a represa de S\u00e3o Pedro est\u00e1 com 97,9% de reservat\u00f3rio, ou seja, obteve aumento de 12,3% em rela\u00e7\u00e3o ao mesmo per\u00edodo que era de 85,6%.<\/span><\/p>\n<p><span style=\"font-weight: 400;\">A represa Dr. Jo\u00e3o Penido tamb\u00e9m teve crescimento do reservat\u00f3rio, este ano a capacidade \u00e9 de 95,9%. Na compara\u00e7\u00e3o com o mesmo per\u00edodo, houve aumento de 11,2%. Naquela ocasi\u00e3o a represa estava com 84,7%.<\/span><\/p>\n<p><span style=\"font-weight: 400;\">Dentre as mananciais de Juiz de Fora e regi\u00e3o, o que teve aumento consider\u00e1vel foi a Barragem de Chap\u00e9u D\u2019Uvas. Em mar\u00e7o de 2019, o reservat\u00f3rio tinha 48,1% e o \u00faltimo levantamento feito pela Cesama, aponta que a capacidade atual \u00e9 de 92,5%, ou seja, aumento de 44,4%.<\/span><\/p>\n","protected":false},"excerpt":{"rendered":"<p>Em decorr\u00eancia do per\u00edodo chuvoso, as mananciais de Juiz de Fora, registraram n\u00edveis superiores desta quarta-feira (4), em compara\u00e7\u00e3o com o mesmo per\u00edodo de 2019. Segundo dados divulgados pela Companhia de Saneamento B\u00e1sico Municipal (Cesama), a represa de S\u00e3o Pedro est\u00e1 com 97,9% de reservat\u00f3rio, ou seja, obteve aumento de 12,3% em rela\u00e7\u00e3o ao mesmo [&hellip;]<\/p>\n","protected":false},"author":96,"featured_media":156228,"comment_status":"closed","ping_status":"closed","sticky":false,"template":"","format":"standard","meta":{"footnotes":""},"categories":[253,436,440,439],"tags":[],"class_list":["post-156227","post","type-post","status-publish","format-standard","has-post-thumbnail","hentry","category-cidade","category-destaque-da-semana","category-destaques-do-dia","category-ultima-hora"],"_links":{"self":[{"href":"https:\/\/diarioregionaldigital.com.br\/index.php?rest_route=\/wp\/v2\/posts\/156227","targetHints":{"allow":["GET"]}}],"collection":[{"href":"https:\/\/diarioregionaldigital.com.br\/index.php?rest_route=\/wp\/v2\/posts"}],"about":[{"href":"https:\/\/diarioregionaldigital.com.br\/index.php?rest_route=\/wp\/v2\/types\/post"}],"author":[{"embeddable":true,"href":"https:\/\/diarioregionaldigital.com.br\/index.php?rest_route=\/wp\/v2\/users\/96"}],"replies":[{"embeddable":true,"href":"https:\/\/diarioregionaldigital.com.br\/index.php?rest_route=%2Fwp%2Fv2%2Fcomments&post=156227"}],"version-history":[{"count":0,"href":"https:\/\/diarioregionaldigital.com.br\/index.php?rest_route=\/wp\/v2\/posts\/156227\/revisions"}],"wp:featuredmedia":[{"embeddable":true,"href":"https:\/\/diarioregionaldigital.com.br\/index.php?rest_route=\/wp\/v2\/media\/156228"}],"wp:attachment":[{"href":"https:\/\/diarioregionaldigital.com.br\/index.php?rest_route=%2Fwp%2Fv2%2Fmedia&parent=156227"}],"wp:term":[{"taxonomy":"category","embeddable":true,"href":"https:\/\/diarioregionaldigital.com.br\/index.php?rest_route=%2Fwp%2Fv2%2Fcategories&post=156227"},{"taxonomy":"post_tag","embeddable":true,"href":"https:\/\/diarioregionaldigital.com.br\/index.php?rest_route=%2Fwp%2Fv2%2Ftags&post=156227"}],"curies":[{"name":"wp","href":"https:\/\/api.w.org\/{rel}","templated":true}]}}