{"id":156217,"date":"2020-03-04T14:20:30","date_gmt":"2020-03-04T17:20:30","guid":{"rendered":"https:\/\/diarioregionaldigital.com.br\/?p=156217"},"modified":"2020-03-04T14:20:30","modified_gmt":"2020-03-04T17:20:30","slug":"pm-apreende-drogas-em-residencia-no-bairro-previdenciarios","status":"publish","type":"post","link":"https:\/\/diarioregionaldigital.com.br\/?p=156217","title":{"rendered":"PM apreende drogas em resid\u00eancia no Bairro Previdenci\u00e1rios"},"content":{"rendered":"<p><span style=\"font-weight: 400;\">A Pol\u00edcia Militar (PM) recebeu den\u00fancia de tr\u00e1fico de drogas no Bairro Previdenci\u00e1rios (Regi\u00e3o Sudeste) em Juiz de Fora. Ao chegar no local, os policiais realizaram buscas no interior e na \u00e1rea externa do im\u00f3vel.\u00a0<\/span><\/p>\n<p><span style=\"font-weight: 400;\">Devido \u00e0 vegeta\u00e7\u00e3o ao redor da resid\u00eancia, foi preciso aux\u00edlio do c\u00e3o farejador para encontrar o material. Ap\u00f3s realizar rastreamento pelo local, o c\u00e3o encontrou um embrulho enterrado no meio da vegeta\u00e7\u00e3o e dentro dele estava o material. Ao todo foram apreendidos um rev\u00f3lver calibre 32, seis muni\u00e7\u00f5es e um peda\u00e7o de maconha.<\/span><\/p>\n<p><span style=\"font-weight: 400;\">Um suspeito que estava no local foi preso e encaminhado para a Delegacia, junto com os materiais apreendidos.\u00a0<\/span><\/p>\n","protected":false},"excerpt":{"rendered":"<p>A Pol\u00edcia Militar (PM) recebeu den\u00fancia de tr\u00e1fico de drogas no Bairro Previdenci\u00e1rios (Regi\u00e3o Sudeste) em Juiz de Fora. Ao chegar no local, os policiais realizaram buscas no interior e na \u00e1rea externa do im\u00f3vel.\u00a0 Devido \u00e0 vegeta\u00e7\u00e3o ao redor da resid\u00eancia, foi preciso aux\u00edlio do c\u00e3o farejador para encontrar o material. Ap\u00f3s realizar rastreamento [&hellip;]<\/p>\n","protected":false},"author":96,"featured_media":156218,"comment_status":"closed","ping_status":"closed","sticky":false,"template":"","format":"standard","meta":{"footnotes":""},"categories":[301,436,440,439],"tags":[],"class_list":["post-156217","post","type-post","status-publish","format-standard","has-post-thumbnail","hentry","category-artigos-policiais","category-destaque-da-semana","category-destaques-do-dia","category-ultima-hora"],"_links":{"self":[{"href":"https:\/\/diarioregionaldigital.com.br\/index.php?rest_route=\/wp\/v2\/posts\/156217","targetHints":{"allow":["GET"]}}],"collection":[{"href":"https:\/\/diarioregionaldigital.com.br\/index.php?rest_route=\/wp\/v2\/posts"}],"about":[{"href":"https:\/\/diarioregionaldigital.com.br\/index.php?rest_route=\/wp\/v2\/types\/post"}],"author":[{"embeddable":true,"href":"https:\/\/diarioregionaldigital.com.br\/index.php?rest_route=\/wp\/v2\/users\/96"}],"replies":[{"embeddable":true,"href":"https:\/\/diarioregionaldigital.com.br\/index.php?rest_route=%2Fwp%2Fv2%2Fcomments&post=156217"}],"version-history":[{"count":0,"href":"https:\/\/diarioregionaldigital.com.br\/index.php?rest_route=\/wp\/v2\/posts\/156217\/revisions"}],"wp:featuredmedia":[{"embeddable":true,"href":"https:\/\/diarioregionaldigital.com.br\/index.php?rest_route=\/wp\/v2\/media\/156218"}],"wp:attachment":[{"href":"https:\/\/diarioregionaldigital.com.br\/index.php?rest_route=%2Fwp%2Fv2%2Fmedia&parent=156217"}],"wp:term":[{"taxonomy":"category","embeddable":true,"href":"https:\/\/diarioregionaldigital.com.br\/index.php?rest_route=%2Fwp%2Fv2%2Fcategories&post=156217"},{"taxonomy":"post_tag","embeddable":true,"href":"https:\/\/diarioregionaldigital.com.br\/index.php?rest_route=%2Fwp%2Fv2%2Ftags&post=156217"}],"curies":[{"name":"wp","href":"https:\/\/api.w.org\/{rel}","templated":true}]}}