{"id":156198,"date":"2020-03-04T06:00:07","date_gmt":"2020-03-04T09:00:07","guid":{"rendered":"https:\/\/diarioregionaldigital.com.br\/?p=156198"},"modified":"2020-03-04T01:32:21","modified_gmt":"2020-03-04T04:32:21","slug":"homenagem-6","status":"publish","type":"post","link":"https:\/\/diarioregionaldigital.com.br\/?p=156198","title":{"rendered":"Homenagem"},"content":{"rendered":"<p style=\"text-align: center;\"><strong>Beleza<\/strong><\/p>\n<p style=\"text-align: center;\">Em novos tempos, surge um dispositivo que personaliza cosm\u00e9ticos, intelig\u00eancia artificial em m\u00e1scara de c\u00edlios, s\u00e9rum anti-idade formulado a partir da ci\u00eancia do microbioma e outros hits de beleza 2020. Os cosm\u00e9ticos tendem a ir rumo a multifucionalidade trazendo benef\u00edcios adicionais que facilitam e melhoram a vida do consumidor.<\/p>\n<p style=\"text-align: center;\"><strong>Mulher<\/strong><\/p>\n<p style=\"text-align: center;\">Em comemora\u00e7\u00e3o ao Dia Internacional da Mulher, celebrado em 8 de mar\u00e7o, o empreendedorismo feminino ser\u00e1 destaque nos projetos de capacita\u00e7\u00e3o gratuitas e mais o Semin\u00e1rio DELAS &#8211; Mulheres de Neg\u00f3cios. Inscri\u00e7\u00f5es : 0800-570 0800.<\/p>\n<p style=\"text-align: center;\"><strong>Mais Uma<\/strong><\/p>\n<p style=\"text-align: center;\">Juiz de Fora anda sem prest\u00edgio. Para ficar sabendo o ministro da Educa\u00e7\u00e3o, Abraham Weintraub divulgou, uma lista com as escolas selecionadas para participar de programas de escolas c\u00edvico-militares do Governo Federal. Ao todo, foram 54 escolhidas em todo o pa\u00eds, sendo tr\u00eas em Minas Gerais. Juiz de Fora ficou de fora da rela\u00e7\u00e3o que aponta a op\u00e7\u00e3o por unidades localizadas em Belo Horizonte, Barbacena e Ibirit\u00e9.<\/p>\n<p style=\"text-align: center;\"><strong>Homenagem<\/strong><\/p>\n<p style=\"text-align: center;\">Em boa hora o Servi\u00e7o de Cirurgia Pl\u00e1stica do HU, liderado pelo m\u00e9dico Marilho Dornelas, recebe o t\u00edtulo de benem\u00e9rito, dia 5 as 19h30, na C\u00e2mara Municipal. A iniciativa \u00e9 do vereador Jos\u00e9 Fiorillo.<\/p>\n<p style=\"text-align: center;\"><span style=\"font-size: 14pt;\"><strong>Para Refletir <\/strong><\/span><\/p>\n<p style=\"text-align: center;\">Cultura adoece? Sim, adoece. Uma cultura doente \u00e9 uma cultura aprisionada, asfixiada, uma cultura baseada em preceitos religiosos &#8211; e de uma \u00fanica religi\u00e3o, sem considerar as outras\u201d.(Martha Medeiros).<\/p>\n<div id=\"attachment_156162\" style=\"width: 690px\" class=\"wp-caption aligncenter\"><img loading=\"lazy\" decoding=\"async\" aria-describedby=\"caption-attachment-156162\" class=\"wp-image-156162\" src=\"https:\/\/diarioregionaldigital.com.br\/wp-content\/uploads\/fotoa-29-e1583295665578.jpg\" alt=\"\" width=\"680\" height=\"542\" srcset=\"https:\/\/diarioregionaldigital.com.br\/wp-content\/uploads\/fotoa-29-e1583295665578.jpg 796w, https:\/\/diarioregionaldigital.com.br\/wp-content\/uploads\/fotoa-29-e1583295665578-300x239.jpg 300w, https:\/\/diarioregionaldigital.com.br\/wp-content\/uploads\/fotoa-29-e1583295665578-768x612.jpg 768w, https:\/\/diarioregionaldigital.com.br\/wp-content\/uploads\/fotoa-29-e1583295665578-360x287.jpg 360w\" sizes=\"auto, (max-width: 680px) 100vw, 680px\" \/><p id=\"caption-attachment-156162\" class=\"wp-caption-text\">A deslumbrante Iasmin Cordeiro, ganha um foco de luz e \u00e9 destaque hoje nesta p\u00e1gina<\/p><\/div>\n<div id=\"attachment_156163\" style=\"width: 690px\" class=\"wp-caption aligncenter\"><img loading=\"lazy\" decoding=\"async\" aria-describedby=\"caption-attachment-156163\" class=\"wp-image-156163\" src=\"https:\/\/diarioregionaldigital.com.br\/wp-content\/uploads\/fotob-32-e1583295721337.jpg\" alt=\"\" width=\"680\" height=\"536\" srcset=\"https:\/\/diarioregionaldigital.com.br\/wp-content\/uploads\/fotob-32-e1583295721337.jpg 789w, https:\/\/diarioregionaldigital.com.br\/wp-content\/uploads\/fotob-32-e1583295721337-300x237.jpg 300w, https:\/\/diarioregionaldigital.com.br\/wp-content\/uploads\/fotob-32-e1583295721337-768x605.jpg 768w, https:\/\/diarioregionaldigital.com.br\/wp-content\/uploads\/fotob-32-e1583295721337-360x284.jpg 360w\" sizes=\"auto, (max-width: 680px) 100vw, 680px\" \/><p id=\"caption-attachment-156163\" class=\"wp-caption-text\">Ta\u00eds Matta \u00e9 a linda aniversariante da temporada social on-line, e comemorou com amigos e familiares<\/p><\/div>\n<div id=\"attachment_156164\" style=\"width: 690px\" class=\"wp-caption aligncenter\"><img loading=\"lazy\" decoding=\"async\" aria-describedby=\"caption-attachment-156164\" class=\"wp-image-156164\" src=\"https:\/\/diarioregionaldigital.com.br\/wp-content\/uploads\/fotoc-29-e1583295756516.jpg\" alt=\"\" width=\"680\" height=\"543\" srcset=\"https:\/\/diarioregionaldigital.com.br\/wp-content\/uploads\/fotoc-29-e1583295756516.jpg 801w, https:\/\/diarioregionaldigital.com.br\/wp-content\/uploads\/fotoc-29-e1583295756516-300x240.jpg 300w, https:\/\/diarioregionaldigital.com.br\/wp-content\/uploads\/fotoc-29-e1583295756516-768x614.jpg 768w, https:\/\/diarioregionaldigital.com.br\/wp-content\/uploads\/fotoc-29-e1583295756516-360x288.jpg 360w\" sizes=\"auto, (max-width: 680px) 100vw, 680px\" \/><p id=\"caption-attachment-156164\" class=\"wp-caption-text\">O projetista Anderson Coimbra da Costa partindo para novas paisagens de trabalho em Maca\u00e9 (RJ)<\/p><\/div>\n<div id=\"attachment_156165\" style=\"width: 690px\" class=\"wp-caption aligncenter\"><img loading=\"lazy\" decoding=\"async\" aria-describedby=\"caption-attachment-156165\" class=\"wp-image-156165\" src=\"https:\/\/diarioregionaldigital.com.br\/wp-content\/uploads\/fotod-29.jpg\" alt=\"\" width=\"680\" height=\"417\" srcset=\"https:\/\/diarioregionaldigital.com.br\/wp-content\/uploads\/fotod-29.jpg 1202w, https:\/\/diarioregionaldigital.com.br\/wp-content\/uploads\/fotod-29-300x184.jpg 300w, https:\/\/diarioregionaldigital.com.br\/wp-content\/uploads\/fotod-29-768x471.jpg 768w, https:\/\/diarioregionaldigital.com.br\/wp-content\/uploads\/fotod-29-1024x628.jpg 1024w, https:\/\/diarioregionaldigital.com.br\/wp-content\/uploads\/fotod-29-360x221.jpg 360w\" sizes=\"auto, (max-width: 680px) 100vw, 680px\" \/><p id=\"caption-attachment-156165\" class=\"wp-caption-text\">Ilustres da MultSa\u00fade visitando esta coluna Marcelle Oliveira (presidente) e Diego Oliveira<\/p><\/div>\n<div id=\"attachment_156166\" style=\"width: 690px\" class=\"wp-caption aligncenter\"><img loading=\"lazy\" decoding=\"async\" aria-describedby=\"caption-attachment-156166\" class=\"wp-image-156166\" src=\"https:\/\/diarioregionaldigital.com.br\/wp-content\/uploads\/fotoe-27-e1583295840825.jpg\" alt=\"\" width=\"680\" height=\"547\" srcset=\"https:\/\/diarioregionaldigital.com.br\/wp-content\/uploads\/fotoe-27-e1583295840825.jpg 800w, https:\/\/diarioregionaldigital.com.br\/wp-content\/uploads\/fotoe-27-e1583295840825-300x241.jpg 300w, https:\/\/diarioregionaldigital.com.br\/wp-content\/uploads\/fotoe-27-e1583295840825-768x617.jpg 768w, https:\/\/diarioregionaldigital.com.br\/wp-content\/uploads\/fotoe-27-e1583295840825-360x289.jpg 360w\" sizes=\"auto, (max-width: 680px) 100vw, 680px\" \/><p id=\"caption-attachment-156166\" class=\"wp-caption-text\">Mulheres chiques em tarde de churrasco no Grambery, Gra\u00e7a Trezza e Mary Castro<\/p><\/div>\n<div id=\"attachment_156167\" style=\"width: 690px\" class=\"wp-caption aligncenter\"><img loading=\"lazy\" decoding=\"async\" aria-describedby=\"caption-attachment-156167\" class=\"wp-image-156167\" src=\"https:\/\/diarioregionaldigital.com.br\/wp-content\/uploads\/fotof-28-e1583295905941.jpg\" alt=\"\" width=\"680\" height=\"481\" srcset=\"https:\/\/diarioregionaldigital.com.br\/wp-content\/uploads\/fotof-28-e1583295905941.jpg 1136w, https:\/\/diarioregionaldigital.com.br\/wp-content\/uploads\/fotof-28-e1583295905941-300x212.jpg 300w, https:\/\/diarioregionaldigital.com.br\/wp-content\/uploads\/fotof-28-e1583295905941-768x543.jpg 768w, https:\/\/diarioregionaldigital.com.br\/wp-content\/uploads\/fotof-28-e1583295905941-1024x724.jpg 1024w, https:\/\/diarioregionaldigital.com.br\/wp-content\/uploads\/fotof-28-e1583295905941-750x530.jpg 750w, https:\/\/diarioregionaldigital.com.br\/wp-content\/uploads\/fotof-28-e1583295905941-360x254.jpg 360w, https:\/\/diarioregionaldigital.com.br\/wp-content\/uploads\/fotof-28-e1583295905941-100x70.jpg 100w\" sizes=\"auto, (max-width: 680px) 100vw, 680px\" \/><p id=\"caption-attachment-156167\" class=\"wp-caption-text\">No jantar da Costelaria do Z\u00e9 no Trade Hotel, Jo\u00e3o Batista, o coiffeur Rhuan Fontes e Simone Santos<\/p><\/div>\n<div id=\"attachment_156168\" style=\"width: 690px\" class=\"wp-caption aligncenter\"><img loading=\"lazy\" decoding=\"async\" aria-describedby=\"caption-attachment-156168\" class=\"wp-image-156168\" src=\"https:\/\/diarioregionaldigital.com.br\/wp-content\/uploads\/fotog-26-e1583295937584.jpg\" alt=\"\" width=\"680\" height=\"474\" srcset=\"https:\/\/diarioregionaldigital.com.br\/wp-content\/uploads\/fotog-26-e1583295937584.jpg 1015w, https:\/\/diarioregionaldigital.com.br\/wp-content\/uploads\/fotog-26-e1583295937584-300x210.jpg 300w, https:\/\/diarioregionaldigital.com.br\/wp-content\/uploads\/fotog-26-e1583295937584-768x535.jpg 768w, https:\/\/diarioregionaldigital.com.br\/wp-content\/uploads\/fotog-26-e1583295937584-360x251.jpg 360w, https:\/\/diarioregionaldigital.com.br\/wp-content\/uploads\/fotog-26-e1583295937584-100x70.jpg 100w\" sizes=\"auto, (max-width: 680px) 100vw, 680px\" \/><p id=\"caption-attachment-156168\" class=\"wp-caption-text\">No Bar do Zeca Pagodinho na Barra (RJ), o ator e cantor Thiago Martins e diva Sandra Portella<\/p><\/div>\n<div id=\"attachment_156169\" style=\"width: 690px\" class=\"wp-caption aligncenter\"><img loading=\"lazy\" decoding=\"async\" aria-describedby=\"caption-attachment-156169\" class=\"wp-image-156169\" src=\"https:\/\/diarioregionaldigital.com.br\/wp-content\/uploads\/fotoh-21-e1583295981927.jpg\" alt=\"\" width=\"680\" height=\"468\" srcset=\"https:\/\/diarioregionaldigital.com.br\/wp-content\/uploads\/fotoh-21-e1583295981927.jpg 1077w, https:\/\/diarioregionaldigital.com.br\/wp-content\/uploads\/fotoh-21-e1583295981927-300x207.jpg 300w, https:\/\/diarioregionaldigital.com.br\/wp-content\/uploads\/fotoh-21-e1583295981927-768x529.jpg 768w, https:\/\/diarioregionaldigital.com.br\/wp-content\/uploads\/fotoh-21-e1583295981927-1024x705.jpg 1024w, https:\/\/diarioregionaldigital.com.br\/wp-content\/uploads\/fotoh-21-e1583295981927-360x248.jpg 360w, https:\/\/diarioregionaldigital.com.br\/wp-content\/uploads\/fotoh-21-e1583295981927-100x70.jpg 100w\" sizes=\"auto, (max-width: 680px) 100vw, 680px\" \/><p id=\"caption-attachment-156169\" class=\"wp-caption-text\">No coquetel da Singelo Loca\u00e7\u00e3o a l\u00edder G\u00ed Castro com doces Maria Pipoca by Andr\u00e9a Cintia<\/p><\/div>\n<div id=\"attachment_156170\" style=\"width: 690px\" class=\"wp-caption aligncenter\"><img loading=\"lazy\" decoding=\"async\" aria-describedby=\"caption-attachment-156170\" class=\"wp-image-156170\" src=\"https:\/\/diarioregionaldigital.com.br\/wp-content\/uploads\/fotoi-26-e1583296030544.jpg\" alt=\"\" width=\"680\" height=\"512\" srcset=\"https:\/\/diarioregionaldigital.com.br\/wp-content\/uploads\/fotoi-26-e1583296030544.jpg 789w, https:\/\/diarioregionaldigital.com.br\/wp-content\/uploads\/fotoi-26-e1583296030544-300x226.jpg 300w, https:\/\/diarioregionaldigital.com.br\/wp-content\/uploads\/fotoi-26-e1583296030544-768x578.jpg 768w, https:\/\/diarioregionaldigital.com.br\/wp-content\/uploads\/fotoi-26-e1583296030544-360x271.jpg 360w\" sizes=\"auto, (max-width: 680px) 100vw, 680px\" \/><p id=\"caption-attachment-156170\" class=\"wp-caption-text\">No desfile da Campe\u00e3s na Sapuca\u00ed (RJ) os lindos arquiteto Nikola Arsenic e a odont\u00f3loga Raquel Her\u00e9dia<\/p><\/div>\n<p><img loading=\"lazy\" decoding=\"async\" class=\"aligncenter size-full wp-image-156199\" src=\"https:\/\/diarioregionaldigital.com.br\/wp-content\/uploads\/Rodap\u00e9_6x12.jpg\" alt=\"\" width=\"3503\" height=\"1426\" srcset=\"https:\/\/diarioregionaldigital.com.br\/wp-content\/uploads\/Rodap\u00e9_6x12.jpg 3503w, https:\/\/diarioregionaldigital.com.br\/wp-content\/uploads\/Rodap\u00e9_6x12-300x122.jpg 300w, https:\/\/diarioregionaldigital.com.br\/wp-content\/uploads\/Rodap\u00e9_6x12-768x313.jpg 768w, https:\/\/diarioregionaldigital.com.br\/wp-content\/uploads\/Rodap\u00e9_6x12-1024x417.jpg 1024w, https:\/\/diarioregionaldigital.com.br\/wp-content\/uploads\/Rodap\u00e9_6x12-360x147.jpg 360w\" sizes=\"auto, (max-width: 3503px) 100vw, 3503px\" \/><\/p>\n","protected":false},"excerpt":{"rendered":"<p>Beleza Em novos tempos, surge um dispositivo que personaliza cosm\u00e9ticos, intelig\u00eancia artificial em m\u00e1scara de c\u00edlios, s\u00e9rum anti-idade formulado a partir da ci\u00eancia do microbioma e outros hits de beleza 2020. Os cosm\u00e9ticos tendem a ir rumo a multifucionalidade trazendo benef\u00edcios adicionais que facilitam e melhoram a vida do consumidor. Mulher Em comemora\u00e7\u00e3o ao Dia [&hellip;]<\/p>\n","protected":false},"author":96,"featured_media":156162,"comment_status":"closed","ping_status":"closed","sticky":false,"template":"","format":"standard","meta":{"footnotes":""},"categories":[264],"tags":[],"class_list":["post-156198","post","type-post","status-publish","format-standard","has-post-thumbnail","hentry","category-eduardo-gomes"],"_links":{"self":[{"href":"https:\/\/diarioregionaldigital.com.br\/index.php?rest_route=\/wp\/v2\/posts\/156198","targetHints":{"allow":["GET"]}}],"collection":[{"href":"https:\/\/diarioregionaldigital.com.br\/index.php?rest_route=\/wp\/v2\/posts"}],"about":[{"href":"https:\/\/diarioregionaldigital.com.br\/index.php?rest_route=\/wp\/v2\/types\/post"}],"author":[{"embeddable":true,"href":"https:\/\/diarioregionaldigital.com.br\/index.php?rest_route=\/wp\/v2\/users\/96"}],"replies":[{"embeddable":true,"href":"https:\/\/diarioregionaldigital.com.br\/index.php?rest_route=%2Fwp%2Fv2%2Fcomments&post=156198"}],"version-history":[{"count":0,"href":"https:\/\/diarioregionaldigital.com.br\/index.php?rest_route=\/wp\/v2\/posts\/156198\/revisions"}],"wp:featuredmedia":[{"embeddable":true,"href":"https:\/\/diarioregionaldigital.com.br\/index.php?rest_route=\/wp\/v2\/media\/156162"}],"wp:attachment":[{"href":"https:\/\/diarioregionaldigital.com.br\/index.php?rest_route=%2Fwp%2Fv2%2Fmedia&parent=156198"}],"wp:term":[{"taxonomy":"category","embeddable":true,"href":"https:\/\/diarioregionaldigital.com.br\/index.php?rest_route=%2Fwp%2Fv2%2Fcategories&post=156198"},{"taxonomy":"post_tag","embeddable":true,"href":"https:\/\/diarioregionaldigital.com.br\/index.php?rest_route=%2Fwp%2Fv2%2Ftags&post=156198"}],"curies":[{"name":"wp","href":"https:\/\/api.w.org\/{rel}","templated":true}]}}