{"id":156160,"date":"2020-03-03T17:57:43","date_gmt":"2020-03-03T20:57:43","guid":{"rendered":"https:\/\/diarioregionaldigital.com.br\/?p=156160"},"modified":"2020-03-03T17:57:43","modified_gmt":"2020-03-03T20:57:43","slug":"adolescente-tem-celular-roubado-na-avenida-brasil","status":"publish","type":"post","link":"https:\/\/diarioregionaldigital.com.br\/?p=156160","title":{"rendered":"Adolescente tem celular roubado na Avenida Brasil"},"content":{"rendered":"<p><span style=\"font-weight: 400;\">Uma adolescente de 15 anos, teve seu celular roubado, no final da tarde dessa segunda-feira (2), na Avenida Brasil em Juiz de Fora. Segundo informa\u00e7\u00f5es da v\u00edtima, ela esperava pelo seu pai e ao pegar o celular, foi abordada por indiv\u00edduo com posse de faca e ordenou que entregasse o aparelho.<\/span><\/p>\n<p><span style=\"font-weight: 400;\">Logo ap\u00f3s, o suspeito fugiu pela ponte da Rua Halfeld, sentido Pra\u00e7a da Esta\u00e7\u00e3o. A Pol\u00edcia Militar (PM) realizou rastreamento pelo local mas n\u00e3o obteve \u00eaxito em localizar o autor do crime. A v\u00edtima foi orientada a acessar a plataforma do CBLOC para realizar o bloqueio do aparelho celular.<\/span><\/p>\n","protected":false},"excerpt":{"rendered":"<p>Uma adolescente de 15 anos, teve seu celular roubado, no final da tarde dessa segunda-feira (2), na Avenida Brasil em Juiz de Fora. Segundo informa\u00e7\u00f5es da v\u00edtima, ela esperava pelo seu pai e ao pegar o celular, foi abordada por indiv\u00edduo com posse de faca e ordenou que entregasse o aparelho. Logo ap\u00f3s, o suspeito [&hellip;]<\/p>\n","protected":false},"author":96,"featured_media":97342,"comment_status":"closed","ping_status":"closed","sticky":false,"template":"","format":"standard","meta":{"footnotes":""},"categories":[301,436,439],"tags":[],"class_list":["post-156160","post","type-post","status-publish","format-standard","has-post-thumbnail","hentry","category-artigos-policiais","category-destaque-da-semana","category-ultima-hora"],"_links":{"self":[{"href":"https:\/\/diarioregionaldigital.com.br\/index.php?rest_route=\/wp\/v2\/posts\/156160","targetHints":{"allow":["GET"]}}],"collection":[{"href":"https:\/\/diarioregionaldigital.com.br\/index.php?rest_route=\/wp\/v2\/posts"}],"about":[{"href":"https:\/\/diarioregionaldigital.com.br\/index.php?rest_route=\/wp\/v2\/types\/post"}],"author":[{"embeddable":true,"href":"https:\/\/diarioregionaldigital.com.br\/index.php?rest_route=\/wp\/v2\/users\/96"}],"replies":[{"embeddable":true,"href":"https:\/\/diarioregionaldigital.com.br\/index.php?rest_route=%2Fwp%2Fv2%2Fcomments&post=156160"}],"version-history":[{"count":0,"href":"https:\/\/diarioregionaldigital.com.br\/index.php?rest_route=\/wp\/v2\/posts\/156160\/revisions"}],"wp:featuredmedia":[{"embeddable":true,"href":"https:\/\/diarioregionaldigital.com.br\/index.php?rest_route=\/wp\/v2\/media\/97342"}],"wp:attachment":[{"href":"https:\/\/diarioregionaldigital.com.br\/index.php?rest_route=%2Fwp%2Fv2%2Fmedia&parent=156160"}],"wp:term":[{"taxonomy":"category","embeddable":true,"href":"https:\/\/diarioregionaldigital.com.br\/index.php?rest_route=%2Fwp%2Fv2%2Fcategories&post=156160"},{"taxonomy":"post_tag","embeddable":true,"href":"https:\/\/diarioregionaldigital.com.br\/index.php?rest_route=%2Fwp%2Fv2%2Ftags&post=156160"}],"curies":[{"name":"wp","href":"https:\/\/api.w.org\/{rel}","templated":true}]}}