{"id":156154,"date":"2020-03-03T17:13:04","date_gmt":"2020-03-03T20:13:04","guid":{"rendered":"https:\/\/diarioregionaldigital.com.br\/?p=156154"},"modified":"2020-03-03T17:13:04","modified_gmt":"2020-03-03T20:13:04","slug":"parlamento-jovem-realiza-visita-ao-colegio-vianna-junior","status":"publish","type":"post","link":"https:\/\/diarioregionaldigital.com.br\/?p=156154","title":{"rendered":"Parlamento Jovem realiza visita ao col\u00e9gio Vianna J\u00fanior"},"content":{"rendered":"<p><span style=\"font-weight: 400;\">Na manh\u00e3 dessa ter\u00e7a-feira (3), o Parlamento Jovem visitou uma das escolas integrantes da atual edi\u00e7\u00e3o para passar a proposta de trabalho aos estudantes.\u00a0 A apresenta\u00e7\u00e3o foi feita para alunos das tr\u00eas turmas do Ensino M\u00e9dio.<\/span><\/p>\n<p><span style=\"font-weight: 400;\">O coordenador do projeto, S\u00e9rgio Dutra, abriu a palestra explicando para os estudantes o processo de funcionamento. \u201c\u00c9 a oportunidade que voc\u00eas t\u00eam de discutir temas de interesses das cidades mineiras\u201d, afirmou S\u00e9rgio, explicando que as informa\u00e7\u00f5es elaboradas pelos adolescentes poder\u00e3o virar uma lei ou at\u00e9 mesmo uma sugest\u00e3o de a\u00e7\u00e3o.<\/span><\/p>\n<p><span style=\"font-weight: 400;\">Ap\u00f3s as explica\u00e7\u00f5es de S\u00e9rgio, foram passados slides explicativos. Neles, havia informa\u00e7\u00f5es sobre o PJ anunciando o tema deste ano, Meio Ambiente e Desenvolvimento Sustent\u00e1vel. O Parlamento \u00e9 separado em p\u00f3los e o de Juiz de Fora \u00e9 o Zona da Mata II, juntamente com as cidades de Lima Duarte e Santos Dumont. Para o estudante Mateus Paes a espera \u00e9 boa. \u201cMinha expectativa \u00e9 de que vai ser muito legal e muito importante para a gente, principalmente no nosso aprendizado\u201d, afirmou o jovem de 18 anos.<\/span><\/p>\n<p><span style=\"font-weight: 400;\">Ao longo da demonstra\u00e7\u00e3o, foram explicados os diversos processos que acontecer\u00e3o no Parlamento Jovem, que se divide em tr\u00eas etapas. A primeira \u00e9 a etapa municipal, na qual ocorrem encontros semanais e oficinas nas escolas, na qual tamb\u00e9m ir\u00e1 ocorrer encontro com outros alunos de Juiz de Fora. A segunda etapa, conhecida como regional, ser\u00e1 o encontro com alunos das cidades que comp\u00f5em o p\u00f3lo da Zona da Mata; neste encontro os jovens far\u00e3o din\u00e2micas para discutir qual lei ir\u00e1 para a terceira etapa, a estadual, em que dois estudantes ser\u00e3o escolhidos para representarem o p\u00f3lo da Zona da Mata em Belo Horizonte.<\/span><\/p>\n<p><span style=\"font-weight: 400;\">Ao fim da palestra, S\u00e9rgio mostrou um v\u00eddeo explicativo aos alunos sobre todas as etapas e din\u00e2micas que ir\u00e3o acontecer no Parlamento Jovem. As pr\u00f3ximas escolas a serem visitadas ser\u00e3o Escola Estadual Henrique Burnier, Escola Estadual Ant\u00f4nio Carlos e Escola Estadual Governador Juscelino Kubitschek.\u00a0<\/span><\/p>\n<p>&nbsp;<\/p>\n<p><strong>Fonte:<\/strong>\u00a0Assessoria<\/p>\n","protected":false},"excerpt":{"rendered":"<p>Na manh\u00e3 dessa ter\u00e7a-feira (3), o Parlamento Jovem visitou uma das escolas integrantes da atual edi\u00e7\u00e3o para passar a proposta de trabalho aos estudantes.\u00a0 A apresenta\u00e7\u00e3o foi feita para alunos das tr\u00eas turmas do Ensino M\u00e9dio. O coordenador do projeto, S\u00e9rgio Dutra, abriu a palestra explicando para os estudantes o processo de funcionamento. \u201c\u00c9 a [&hellip;]<\/p>\n","protected":false},"author":96,"featured_media":156155,"comment_status":"closed","ping_status":"closed","sticky":false,"template":"","format":"standard","meta":{"footnotes":""},"categories":[253,436,439],"tags":[],"class_list":["post-156154","post","type-post","status-publish","format-standard","has-post-thumbnail","hentry","category-cidade","category-destaque-da-semana","category-ultima-hora"],"_links":{"self":[{"href":"https:\/\/diarioregionaldigital.com.br\/index.php?rest_route=\/wp\/v2\/posts\/156154","targetHints":{"allow":["GET"]}}],"collection":[{"href":"https:\/\/diarioregionaldigital.com.br\/index.php?rest_route=\/wp\/v2\/posts"}],"about":[{"href":"https:\/\/diarioregionaldigital.com.br\/index.php?rest_route=\/wp\/v2\/types\/post"}],"author":[{"embeddable":true,"href":"https:\/\/diarioregionaldigital.com.br\/index.php?rest_route=\/wp\/v2\/users\/96"}],"replies":[{"embeddable":true,"href":"https:\/\/diarioregionaldigital.com.br\/index.php?rest_route=%2Fwp%2Fv2%2Fcomments&post=156154"}],"version-history":[{"count":0,"href":"https:\/\/diarioregionaldigital.com.br\/index.php?rest_route=\/wp\/v2\/posts\/156154\/revisions"}],"wp:featuredmedia":[{"embeddable":true,"href":"https:\/\/diarioregionaldigital.com.br\/index.php?rest_route=\/wp\/v2\/media\/156155"}],"wp:attachment":[{"href":"https:\/\/diarioregionaldigital.com.br\/index.php?rest_route=%2Fwp%2Fv2%2Fmedia&parent=156154"}],"wp:term":[{"taxonomy":"category","embeddable":true,"href":"https:\/\/diarioregionaldigital.com.br\/index.php?rest_route=%2Fwp%2Fv2%2Fcategories&post=156154"},{"taxonomy":"post_tag","embeddable":true,"href":"https:\/\/diarioregionaldigital.com.br\/index.php?rest_route=%2Fwp%2Fv2%2Ftags&post=156154"}],"curies":[{"name":"wp","href":"https:\/\/api.w.org\/{rel}","templated":true}]}}