{"id":156151,"date":"2020-03-03T16:55:04","date_gmt":"2020-03-03T19:55:04","guid":{"rendered":"https:\/\/diarioregionaldigital.com.br\/?p=156151"},"modified":"2020-03-03T16:55:04","modified_gmt":"2020-03-03T19:55:04","slug":"tupi-anuncia-julio-cesar-garcias-como-novo-tecnico","status":"publish","type":"post","link":"https:\/\/diarioregionaldigital.com.br\/?p=156151","title":{"rendered":"Tupi anuncia J\u00falio C\u00e9sar Garcias como novo t\u00e9cnico"},"content":{"rendered":"<p><span style=\"font-weight: 400;\">O Tupi anunciou nesta ter\u00e7a-feira (3), a contrata\u00e7\u00e3o de J\u00falio C\u00e9sar Garcias, 53 anos, como novo treinador para a disputa do M\u00f3dulo II do Campeonato Mineiro. Como jogador, ele atuou pelo Atl\u00e9tico Goianiense,\u00a0 Flamengo sendo um dos destaques na conquista do Campeonato Brasileiro de 1992, Guarani, Vila Nova (GO), Remo e outros clubes. O ex-ponta direita do Flamengo entrar\u00e1 no lugar de Alex Nascif, demitido nessa segunda-feira (2).\u00a0<\/span><\/p>\n<p><span style=\"font-weight: 400;\">Apelidado de \u201cImperador\u201d no tempo em que atuava pelo rubro-negro, J\u00falio C\u00e9sar chegar\u00e1 a Juiz de Fora nesta quarta-feira (4) e j\u00e1 comandar\u00e1 o treinamento para o duelo diante do Athletic. O Presidente Juninho, diz que o novo treinador ir\u00e1 se reunir com a comiss\u00e3o t\u00e9cnica e conhecer as caracter\u00edsticas dos jogadores do elenco:<\/span><\/p>\n<p>&nbsp;<\/p>\n<p><span style=\"font-weight: 400;\">\u201cEle vai se reunir com a comiss\u00e3o t\u00e9cnica. Vai saber os detalhes e as caracter\u00edsticas dos jogadores e a forma que o time joga. J\u00e1 separamos v\u00eddeos dos jogos, para ele se interar o mais r\u00e1pido poss\u00edvel, para poder implantar a filosofia de jogo\u201d.<\/span><\/p>\n<p>&nbsp;<\/p>\n<p><span style=\"font-weight: 400;\">Juninho explicou na entrevista coletiva, sobre a op\u00e7\u00e3o de ter escolhido J\u00falio C\u00e9sar para ser o novo comandante do Tupi e destacou a atual situa\u00e7\u00e3o financeira do clube:<\/span><\/p>\n<p>&nbsp;<\/p>\n<p><span style=\"font-weight: 400;\">\u201cDesde que eu assumi o Tupi, eu falei que o clube est\u00e1 se reestruturando e que n\u00e3o tem condi\u00e7\u00f5es financeiras para ficar fazendo m\u00e1gica e trazer treinador de ponta\u201d.<\/span><\/p>\n<p>&nbsp;<\/p>\n<p><span style=\"font-weight: 400;\">O Tupi volta a campo neste domingo (8) contra o Athletic, \u00e0s 10h00, no Est\u00e1dio Municipal Radialista M\u00e1rio Hel\u00eanio, pela quinta rodada do M\u00f3dulo II. Na classifica\u00e7\u00e3o do campeonato o Galo Carij\u00f3 aparece na d\u00e9cima posi\u00e7\u00e3o com 3 pontos conquistados em 4 jogos disputados.\u00a0<\/span><\/p>\n<p>&nbsp;<\/p>\n<p><span style=\"font-weight: 400;\">\u00a0<\/span><\/p>\n","protected":false},"excerpt":{"rendered":"<p>O Tupi anunciou nesta ter\u00e7a-feira (3), a contrata\u00e7\u00e3o de J\u00falio C\u00e9sar Garcias, 53 anos, como novo treinador para a disputa do M\u00f3dulo II do Campeonato Mineiro. Como jogador, ele atuou pelo Atl\u00e9tico Goianiense,\u00a0 Flamengo sendo um dos destaques na conquista do Campeonato Brasileiro de 1992, Guarani, Vila Nova (GO), Remo e outros clubes. O ex-ponta [&hellip;]<\/p>\n","protected":false},"author":96,"featured_media":156152,"comment_status":"closed","ping_status":"closed","sticky":false,"template":"","format":"standard","meta":{"footnotes":""},"categories":[436,257,439],"tags":[],"class_list":["post-156151","post","type-post","status-publish","format-standard","has-post-thumbnail","hentry","category-destaque-da-semana","category-esporte","category-ultima-hora"],"_links":{"self":[{"href":"https:\/\/diarioregionaldigital.com.br\/index.php?rest_route=\/wp\/v2\/posts\/156151","targetHints":{"allow":["GET"]}}],"collection":[{"href":"https:\/\/diarioregionaldigital.com.br\/index.php?rest_route=\/wp\/v2\/posts"}],"about":[{"href":"https:\/\/diarioregionaldigital.com.br\/index.php?rest_route=\/wp\/v2\/types\/post"}],"author":[{"embeddable":true,"href":"https:\/\/diarioregionaldigital.com.br\/index.php?rest_route=\/wp\/v2\/users\/96"}],"replies":[{"embeddable":true,"href":"https:\/\/diarioregionaldigital.com.br\/index.php?rest_route=%2Fwp%2Fv2%2Fcomments&post=156151"}],"version-history":[{"count":0,"href":"https:\/\/diarioregionaldigital.com.br\/index.php?rest_route=\/wp\/v2\/posts\/156151\/revisions"}],"wp:featuredmedia":[{"embeddable":true,"href":"https:\/\/diarioregionaldigital.com.br\/index.php?rest_route=\/wp\/v2\/media\/156152"}],"wp:attachment":[{"href":"https:\/\/diarioregionaldigital.com.br\/index.php?rest_route=%2Fwp%2Fv2%2Fmedia&parent=156151"}],"wp:term":[{"taxonomy":"category","embeddable":true,"href":"https:\/\/diarioregionaldigital.com.br\/index.php?rest_route=%2Fwp%2Fv2%2Fcategories&post=156151"},{"taxonomy":"post_tag","embeddable":true,"href":"https:\/\/diarioregionaldigital.com.br\/index.php?rest_route=%2Fwp%2Fv2%2Ftags&post=156151"}],"curies":[{"name":"wp","href":"https:\/\/api.w.org\/{rel}","templated":true}]}}