{"id":156148,"date":"2020-03-03T15:56:11","date_gmt":"2020-03-03T18:56:11","guid":{"rendered":"https:\/\/diarioregionaldigital.com.br\/?p=156148"},"modified":"2020-03-03T15:56:11","modified_gmt":"2020-03-03T18:56:11","slug":"ministra-japonesa-confirma-possibilidade-de-adiamento-das-olimpiadas","status":"publish","type":"post","link":"https:\/\/diarioregionaldigital.com.br\/?p=156148","title":{"rendered":"Ministra Japonesa confirma possibilidade de adiamento das Olimp\u00edadas"},"content":{"rendered":"<p><span style=\"font-weight: 400;\">Com in\u00edcio marcado para julho deste ano, as Olimp\u00edadas de T\u00f3quio correm risco de serem adiadas para uma outra data, foi o que disse a Ministra Japonesa, Seiko Kashimoto. A ex-patinadora confirmou em entrevista para rep\u00f3rteres estrangeiros, que a edi\u00e7\u00e3o pode ser realizada ainda este ano, caso o adiamento seja confirmado:<\/span><\/p>\n<p>&nbsp;<\/p>\n<p><span style=\"font-weight: 400;\">\u201cNo contrato assinado juntamente com o Comit\u00ea Ol\u00edmpico Internacional (COI), a cidade-sede e autoridades, diz que o comit\u00ea pode cancelar os Jogos Ol\u00edmpicos, apenas se n\u00e3o puderem ser realizados ainda este ano. Isso significa que os jogos podem ser adiados para o final do ano\u201d.<\/span><\/p>\n<p>&nbsp;<\/p>\n<p><span style=\"font-weight: 400;\">O Presidente do COI, Thomas Bach, conversou durante uma reuni\u00e3o em Lausanne na Su\u00ed\u00e7a, sobre os problemas causados pelo coronav\u00edrus, que j\u00e1 vitimou mais de 3 mil pessoas no continente asi\u00e1tico e afetou mais de 90 mil pessoas de outros pa\u00edses pelo mundo. Mesmo assim, Bach diz que o COI e os organizadores est\u00e3o trabalhando pelo sucesso e a realiza\u00e7\u00e3o dos jogos dentro da data estabelecida:<\/span><\/p>\n<p>&nbsp;<\/p>\n<p><span style=\"font-weight: 400;\">\u201cO Comit\u00ea, em coopera\u00e7\u00e3o com as autoridades e dos organizadores, est\u00e3o comprometidos para o sucesso dos Jogos Ol\u00edmpicos em T\u00f3quio. Todos est\u00e3o trabalhando duro para que a abertura dos jogos seja realizada no dia 24 de julho, conforme o combinado\u201d.<\/span><\/p>\n<p>&nbsp;<\/p>\n<p><span style=\"font-weight: 400;\">Em nota o COI emitiu um comunicado acerca do coronav\u00edrus:<\/span><\/p>\n<p><span style=\"font-weight: 400;\">\u201c<\/span><i><span style=\"font-weight: 400;\">O Conselho Executivo do Comit\u00ea Ol\u00edmpico Internacional (COI) expressa hoje seu total comprometimento com o sucesso dos Jogos Ol\u00edmpicos de T\u00f3quio 2020, agendado para 24 de julho a 9 de agosto de 2020.<\/span><\/i><\/p>\n<p><i><span style=\"font-weight: 400;\">O Conselho Executivo do COI ouviu um relat\u00f3rio sobre todas as medidas tomadas at\u00e9 agora para lidar com a situa\u00e7\u00e3o do coronav\u00edrus, seguido de uma discuss\u00e3o abrangente.<\/span><\/i><\/p>\n<p>&nbsp;<\/p>\n<p><i><span style=\"font-weight: 400;\">Uma for\u00e7a-tarefa conjunta j\u00e1 havia sido criada em meados de fevereiro, envolvendo o COI, T\u00f3quio 2020, a cidade anfitri\u00e3 de T\u00f3quio, o governo do Jap\u00e3o e a Organiza\u00e7\u00e3o Mundial da Sa\u00fade (OMS). O CO do COI aprecia e apoia as medidas que est\u00e3o sendo tomadas, que constituem uma parte importante dos planos de T\u00f3quio de sediar Jogos seguros e protegidos.<\/span><\/i><\/p>\n<p>&nbsp;<\/p>\n<p><i><span style=\"font-weight: 400;\">O COI continuar\u00e1 a seguir os conselhos da OMS, como a principal ag\u00eancia das Na\u00e7\u00f5es Unidas sobre esse assunto. O Conselho Executivo do COI agradeceu \u00e0 OMS por seus valiosos conselhos e coopera\u00e7\u00e3o cont\u00ednuos.<\/span><\/i><\/p>\n<p>&nbsp;<\/p>\n<p><i><span style=\"font-weight: 400;\">Tamb\u00e9m elogia a grande unidade e solidariedade dos atletas, comit\u00eas ol\u00edmpicos nacionais, federa\u00e7\u00f5es internacionais e governos. Sa\u00fada sua estreita colabora\u00e7\u00e3o e flexibilidade com rela\u00e7\u00e3o aos preparativos para os Jogos e, principalmente, aos eventos de qualifica\u00e7\u00e3o. Todas as partes interessadas continuam trabalhando juntas para enfrentar os desafios do coronav\u00edrus.<\/span><\/i><\/p>\n<p>&nbsp;<\/p>\n<p><i><span style=\"font-weight: 400;\">O Conselho Executivo do COI incentiva todos os atletas a continuarem se preparando para os Jogos Ol\u00edmpicos de T\u00f3quio 2020. O COI continuar\u00e1 apoiando os atletas, fornecendo as informa\u00e7\u00f5es e desenvolvimentos mais recentes, acess\u00edveis aos atletas em todo o mundo no site do Athlete365\u201d.<\/span><\/i><\/p>\n","protected":false},"excerpt":{"rendered":"<p>Com in\u00edcio marcado para julho deste ano, as Olimp\u00edadas de T\u00f3quio correm risco de serem adiadas para uma outra data, foi o que disse a Ministra Japonesa, Seiko Kashimoto. A ex-patinadora confirmou em entrevista para rep\u00f3rteres estrangeiros, que a edi\u00e7\u00e3o pode ser realizada ainda este ano, caso o adiamento seja confirmado: &nbsp; \u201cNo contrato assinado [&hellip;]<\/p>\n","protected":false},"author":96,"featured_media":156149,"comment_status":"closed","ping_status":"closed","sticky":false,"template":"","format":"standard","meta":{"footnotes":""},"categories":[436,440,257,439],"tags":[],"class_list":["post-156148","post","type-post","status-publish","format-standard","has-post-thumbnail","hentry","category-destaque-da-semana","category-destaques-do-dia","category-esporte","category-ultima-hora"],"_links":{"self":[{"href":"https:\/\/diarioregionaldigital.com.br\/index.php?rest_route=\/wp\/v2\/posts\/156148","targetHints":{"allow":["GET"]}}],"collection":[{"href":"https:\/\/diarioregionaldigital.com.br\/index.php?rest_route=\/wp\/v2\/posts"}],"about":[{"href":"https:\/\/diarioregionaldigital.com.br\/index.php?rest_route=\/wp\/v2\/types\/post"}],"author":[{"embeddable":true,"href":"https:\/\/diarioregionaldigital.com.br\/index.php?rest_route=\/wp\/v2\/users\/96"}],"replies":[{"embeddable":true,"href":"https:\/\/diarioregionaldigital.com.br\/index.php?rest_route=%2Fwp%2Fv2%2Fcomments&post=156148"}],"version-history":[{"count":0,"href":"https:\/\/diarioregionaldigital.com.br\/index.php?rest_route=\/wp\/v2\/posts\/156148\/revisions"}],"wp:featuredmedia":[{"embeddable":true,"href":"https:\/\/diarioregionaldigital.com.br\/index.php?rest_route=\/wp\/v2\/media\/156149"}],"wp:attachment":[{"href":"https:\/\/diarioregionaldigital.com.br\/index.php?rest_route=%2Fwp%2Fv2%2Fmedia&parent=156148"}],"wp:term":[{"taxonomy":"category","embeddable":true,"href":"https:\/\/diarioregionaldigital.com.br\/index.php?rest_route=%2Fwp%2Fv2%2Fcategories&post=156148"},{"taxonomy":"post_tag","embeddable":true,"href":"https:\/\/diarioregionaldigital.com.br\/index.php?rest_route=%2Fwp%2Fv2%2Ftags&post=156148"}],"curies":[{"name":"wp","href":"https:\/\/api.w.org\/{rel}","templated":true}]}}