{"id":156143,"date":"2020-03-03T15:14:26","date_gmt":"2020-03-03T18:14:26","guid":{"rendered":"https:\/\/diarioregionaldigital.com.br\/?p=156143"},"modified":"2020-03-03T15:14:26","modified_gmt":"2020-03-03T18:14:26","slug":"prefeitura-reune-profissionais-de-saude-para-alinhamento-sobre-coronavirus","status":"publish","type":"post","link":"https:\/\/diarioregionaldigital.com.br\/?p=156143","title":{"rendered":"Prefeitura re\u00fane profissionais de sa\u00fade para alinhamento sobre coronav\u00edrus"},"content":{"rendered":"<p>A Prefeitura de Juiz de Fora (PJF) reuniu servidores de todos os n\u00edveis de aten\u00e7\u00e3o \u00e0 sa\u00fade nessa segunda-feira (2), para alinhar as informa\u00e7\u00f5es sobre o coronav\u00edrus. Segundo o secret\u00e1rio de Sa\u00fade, M\u00e1rcio Itaboray, o treinamento tem por objetivo capacitar os profissionais que atuam diretamente com atendimento ao cidad\u00e3o, para que fique estabelecido o manejo correto do problema. Al\u00e9m disso, \u201cnesse momento, quando vivemos a onda das fake news, \u00e9 importante repassar para nossas equipes informa\u00e7\u00f5es de proced\u00eancia segura, como as do Minist\u00e9rio da Sa\u00fade\u201d, explicou o secret\u00e1rio.<\/p>\n<p>A m\u00e9dica do Departamento de Vigil\u00e2ncia Epidemiol\u00f3gica e Ambiental (Dvea), S\u00f4nia Rodrigues, abriu os trabalhos junto aos profissionais da aten\u00e7\u00e3o b\u00e1sica e secund\u00e1ria, destacando as caracter\u00edsticas da infec\u00e7\u00e3o, sintomas, os crit\u00e9rios epidemiol\u00f3gicos que devem ser levados em conta, para que haja suspei\u00e7\u00e3o do coronav\u00edrus e as defini\u00e7\u00f5es de contato pr\u00f3ximo. Ap\u00f3s a explana\u00e7\u00e3o, foi aberto espa\u00e7o para perguntas, onde os servidores puderam pontuar e esclarecer d\u00favidas.<\/p>\n<p>\u00c0 tarde, participaram da capacita\u00e7\u00e3o os profissionais da urg\u00eancia e emerg\u00eancia, das redes p\u00fablica e privada. A infectologista Cristiane Marcos abriu o treinamento, apresentando levantamento hist\u00f3rico a respeito do coronav\u00edrus, sua etiologia, as caracter\u00edsticas patog\u00eanicas e a transmiss\u00e3o dos v\u00edrus emergentes. Posteriormente, ela explicou \u00e0 abordagem do plano de conting\u00eancia elaborado pela Secretaria Estadual de Sa\u00fade de Minas Gerais (SES\/MG), adotado em Juiz de Fora, como o manual base para enfrentamento de casos suspeitos. Assim como na parte da manh\u00e3, as defini\u00e7\u00f5es de transmiss\u00e3o local, contato pr\u00f3ximo e casos descartados e suspeitos tamb\u00e9m foram abordadas. As duas etapas do encontro tiveram a participa\u00e7\u00e3o de mais de 300 servidores da \u00e1rea de sa\u00fade do Munic\u00edpio.<\/p>\n<p>Estavam presentes na capacita\u00e7\u00e3o, al\u00e9m do secret\u00e1rio, o adjunto, Rodrigo Almeida, o superintendente regional do setor, Gilson Lopes, o procurador Rodrigo Barros e o secret\u00e1rio-executivo do Conselho Municipal de Sa\u00fade, Jorge Ramos. Todas as autoridades destacaram o treinamento como forma de promover o alinhamento de conduta do Munic\u00edpio perante o coronav\u00edrus.<\/p>\n<p>&nbsp;<\/p>\n<p><strong>Fonte:\u00a0<\/strong>Assessoria<\/p>\n","protected":false},"excerpt":{"rendered":"<p>A Prefeitura de Juiz de Fora (PJF) reuniu servidores de todos os n\u00edveis de aten\u00e7\u00e3o \u00e0 sa\u00fade nessa segunda-feira (2), para alinhar as informa\u00e7\u00f5es sobre o coronav\u00edrus. Segundo o secret\u00e1rio de Sa\u00fade, M\u00e1rcio Itaboray, o treinamento tem por objetivo capacitar os profissionais que atuam diretamente com atendimento ao cidad\u00e3o, para que fique estabelecido o manejo [&hellip;]<\/p>\n","protected":false},"author":96,"featured_media":156144,"comment_status":"closed","ping_status":"closed","sticky":false,"template":"","format":"standard","meta":{"footnotes":""},"categories":[253,436,440,439],"tags":[],"class_list":["post-156143","post","type-post","status-publish","format-standard","has-post-thumbnail","hentry","category-cidade","category-destaque-da-semana","category-destaques-do-dia","category-ultima-hora"],"_links":{"self":[{"href":"https:\/\/diarioregionaldigital.com.br\/index.php?rest_route=\/wp\/v2\/posts\/156143","targetHints":{"allow":["GET"]}}],"collection":[{"href":"https:\/\/diarioregionaldigital.com.br\/index.php?rest_route=\/wp\/v2\/posts"}],"about":[{"href":"https:\/\/diarioregionaldigital.com.br\/index.php?rest_route=\/wp\/v2\/types\/post"}],"author":[{"embeddable":true,"href":"https:\/\/diarioregionaldigital.com.br\/index.php?rest_route=\/wp\/v2\/users\/96"}],"replies":[{"embeddable":true,"href":"https:\/\/diarioregionaldigital.com.br\/index.php?rest_route=%2Fwp%2Fv2%2Fcomments&post=156143"}],"version-history":[{"count":0,"href":"https:\/\/diarioregionaldigital.com.br\/index.php?rest_route=\/wp\/v2\/posts\/156143\/revisions"}],"wp:featuredmedia":[{"embeddable":true,"href":"https:\/\/diarioregionaldigital.com.br\/index.php?rest_route=\/wp\/v2\/media\/156144"}],"wp:attachment":[{"href":"https:\/\/diarioregionaldigital.com.br\/index.php?rest_route=%2Fwp%2Fv2%2Fmedia&parent=156143"}],"wp:term":[{"taxonomy":"category","embeddable":true,"href":"https:\/\/diarioregionaldigital.com.br\/index.php?rest_route=%2Fwp%2Fv2%2Fcategories&post=156143"},{"taxonomy":"post_tag","embeddable":true,"href":"https:\/\/diarioregionaldigital.com.br\/index.php?rest_route=%2Fwp%2Fv2%2Ftags&post=156143"}],"curies":[{"name":"wp","href":"https:\/\/api.w.org\/{rel}","templated":true}]}}