{"id":156137,"date":"2020-03-03T14:40:39","date_gmt":"2020-03-03T17:40:39","guid":{"rendered":"https:\/\/diarioregionaldigital.com.br\/?p=156137"},"modified":"2020-03-03T14:40:39","modified_gmt":"2020-03-03T17:40:39","slug":"balanca-comercial-tem-superavit-na-terceira-semana-de-fevereiro","status":"publish","type":"post","link":"https:\/\/diarioregionaldigital.com.br\/?p=156137","title":{"rendered":"Balan\u00e7a comercial tem super\u00e1vit na terceira semana de fevereiro"},"content":{"rendered":"<p>A balan\u00e7a comercial brasileira apresentou, na terceira semana de fevereiro, super\u00e1vit de US$ 520 milh\u00f5es, segundo dados divulgados pela Secretaria Especial de Com\u00e9rcio Exterior e Assuntos Internacionais do Minist\u00e9rio da Economia. Em um per\u00edodo de cinco dias \u00fateis, as exporta\u00e7\u00f5es chegaram a US$ 3,966 bilh\u00f5es e as importa\u00e7\u00f5es, a US$ 3,446 bilh\u00f5es, ficando a corrente de com\u00e9rcio em US$ 7,412 bilh\u00f5es.<\/p>\n<p>A m\u00e9dia das exporta\u00e7\u00f5es da terceira semana de fevereiro ficou em US$ 793,2 milh\u00f5es, 5,5% abaixo da m\u00e9dia de US$ 839,8 milh\u00f5es at\u00e9 a segunda semana. Segundo o Minist\u00e9rio da Economia, a redu\u00e7\u00e3o ocorreu devido \u00e0 queda nas exporta\u00e7\u00f5es de produtos semimanufaturados e b\u00e1sicos. No m\u00eas, as exporta\u00e7\u00f5es somam US$ 12,364 bilh\u00f5es e as importa\u00e7\u00f5es, US$ 11,259 bilh\u00f5es, com saldo positivo de US$ 1,105 bilh\u00e3o e corrente de com\u00e9rcio de US$ 23,624 bilh\u00f5es.<\/p>\n<p>No per\u00edodo, houve uma redu\u00e7\u00e3o de 10,7%, de US$ 100,1 milh\u00f5es\u00a0 para US$ 89,4 milh\u00f5es, no segmento de semimanifaturados, em especial na celulose, ferro fundido, ouro, ferro ou a\u00e7o e tamb\u00e9m no \u00f3leo de soja em bruto.<\/p>\n<p>Houve queda de 8,5% nas exporta\u00e7\u00f5es de produtos b\u00e1sicos, especialmente em produtos como petr\u00f3leo em bruto, carnes bovina e de frango, min\u00e9rio de cobre, caf\u00e9 em gr\u00e3o e fumo em folhas. Com isso, a balan\u00e7a de exporta\u00e7\u00f5es, no segmento, fechou em US$ 412,1 milh\u00f5es, contra os US$ 450,2 milh\u00f5es da segunda semana.<\/p>\n<p>O Minist\u00e9rio da Economia destaca que houve pequeno crescimento nas exporta\u00e7\u00f5es de manufaturados de 0,8%, passando de US$ 289,5 milh\u00f5es para US$ 291,7 milh\u00f5es, em raz\u00e3o, principalmente, de \u00f3leos combust\u00edveis, ve\u00edculos de carga, suco de laranja n\u00e3o congelado, torneiras, v\u00e1lvulas e partes, m\u00e1quinas e aparelhos para terraplanagem.<\/p>\n<p>Do lado das importa\u00e7\u00f5es, apontou-se queda de 11,8%, sobre igual per\u00edodo comparativo (m\u00e9dia da terceira semana, US$ 689,1 milh\u00f5es sobre m\u00e9dia at\u00e9 a segunda semana, US$ 781,4 milh\u00f5es), explicada, principalmente, pela diminui\u00e7\u00e3o nos gastos com equipamentos mec\u00e2nicos, farmac\u00eauticos, cobre e suas obras, adubos e fertilizantes, equipamentos eletroeletr\u00f4nicos.<\/p>\n<p>A an\u00e1lise do m\u00eas mostra que, na compara\u00e7\u00e3o entre a terceira fevereiro de 2019 (US$ 786,9 milh\u00f5es) e o mesmo per\u00edodo de 2020\u00a0 (US$ 824,3 milh\u00f5es), houve aumento de 4,8% nas exporta\u00e7\u00f5es. A alta foi puxada especialmente pela venda de petr\u00f3leo em bruto, algod\u00e3o em bruto, carnes bovina, su\u00edna e de frango e min\u00e9rio de cobre.<\/p>\n<p>Por outro lado, ca\u00edram as vendas de produtos semimanufaturados em 1,2%, passando de US$ 97,7 milh\u00f5es para US$ 96,6 milh\u00f5es, principalmente por conta da celulose, ouro em formas semimanufaturadas, semimanufaturados de ferro\/a\u00e7o, a\u00e7\u00facar em bruto, couros e peles. Os produtos manufaturados tamb\u00e9m apresentaram uma redu\u00e7\u00e3o de 0,7%, passando de US$ 292,2 milh\u00f5es para US$ 290,2 milh\u00f5es, por conta de avi\u00f5es, autom\u00f3veis de passageiros, partes de motores e turbinas para avia\u00e7\u00e3o, suco de laranja n\u00e3o congelado e laminados planos de ferro ou a\u00e7o.<\/p>\n<p>Relativamente a janeiro\/2020, houve crescimento de 25,6%, em virtude do aumento nas vendas de produtos b\u00e1sicos (+33,9%, de US$ 326,8 milh\u00f5es para US$ 437,5 milh\u00f5es) e manufaturados (+25,4%, de US$ 231,4 milh\u00f5es para US$ 290,2 milh\u00f5es), enquanto diminu\u00edram as exporta\u00e7\u00f5es de produtos semimanufaturados (-1,7%, de US$ 98,2 milh\u00f5es para US$ 96,6 milh\u00f5es).<\/p>\n<p>Nas importa\u00e7\u00f5es, a m\u00e9dia di\u00e1ria at\u00e9 a terceira semana de fevereiro\/2020, de US$ 750,6 milh\u00f5es, ficou 18,9% acima da m\u00e9dia de fevereiro\/2019 (US$ 631,1 milh\u00f5es). Nesse comparativo, cresceram os gastos, principalmente com equipamentos mec\u00e2nicos (+131,0%), combust\u00edveis e lubrificantes (+19,0%), farmac\u00eauticos (+17,2%), qu\u00edmicos org\u00e2nicos e inorg\u00e2nicos (+11,6%), pl\u00e1sticos e obras (+10,8%). Ante janeiro\/2020, houve crescimento de 2,1%, pelos aumentos em equipamentos mec\u00e2nicos (+83,0%), combust\u00edveis e lubrificantes (+20,5%), farmac\u00eauticos (+10,3%), pl\u00e1sticos e obras (+6,7%), qu\u00edmicos org\u00e2nicos e inorg\u00e2nicos (+5,8%).<\/p>\n<p>&nbsp;<\/p>\n<p><strong>Fonte:\u00a0<\/strong>Ag\u00eancia Brasil<\/p>\n","protected":false},"excerpt":{"rendered":"<p>A balan\u00e7a comercial brasileira apresentou, na terceira semana de fevereiro, super\u00e1vit de US$ 520 milh\u00f5es, segundo dados divulgados pela Secretaria Especial de Com\u00e9rcio Exterior e Assuntos Internacionais do Minist\u00e9rio da Economia. Em um per\u00edodo de cinco dias \u00fateis, as exporta\u00e7\u00f5es chegaram a US$ 3,966 bilh\u00f5es e as importa\u00e7\u00f5es, a US$ 3,446 bilh\u00f5es, ficando a corrente [&hellip;]<\/p>\n","protected":false},"author":96,"featured_media":156138,"comment_status":"closed","ping_status":"closed","sticky":false,"template":"","format":"standard","meta":{"footnotes":""},"categories":[436,261,439],"tags":[],"class_list":["post-156137","post","type-post","status-publish","format-standard","has-post-thumbnail","hentry","category-destaque-da-semana","category-economia","category-ultima-hora"],"_links":{"self":[{"href":"https:\/\/diarioregionaldigital.com.br\/index.php?rest_route=\/wp\/v2\/posts\/156137","targetHints":{"allow":["GET"]}}],"collection":[{"href":"https:\/\/diarioregionaldigital.com.br\/index.php?rest_route=\/wp\/v2\/posts"}],"about":[{"href":"https:\/\/diarioregionaldigital.com.br\/index.php?rest_route=\/wp\/v2\/types\/post"}],"author":[{"embeddable":true,"href":"https:\/\/diarioregionaldigital.com.br\/index.php?rest_route=\/wp\/v2\/users\/96"}],"replies":[{"embeddable":true,"href":"https:\/\/diarioregionaldigital.com.br\/index.php?rest_route=%2Fwp%2Fv2%2Fcomments&post=156137"}],"version-history":[{"count":0,"href":"https:\/\/diarioregionaldigital.com.br\/index.php?rest_route=\/wp\/v2\/posts\/156137\/revisions"}],"wp:featuredmedia":[{"embeddable":true,"href":"https:\/\/diarioregionaldigital.com.br\/index.php?rest_route=\/wp\/v2\/media\/156138"}],"wp:attachment":[{"href":"https:\/\/diarioregionaldigital.com.br\/index.php?rest_route=%2Fwp%2Fv2%2Fmedia&parent=156137"}],"wp:term":[{"taxonomy":"category","embeddable":true,"href":"https:\/\/diarioregionaldigital.com.br\/index.php?rest_route=%2Fwp%2Fv2%2Fcategories&post=156137"},{"taxonomy":"post_tag","embeddable":true,"href":"https:\/\/diarioregionaldigital.com.br\/index.php?rest_route=%2Fwp%2Fv2%2Ftags&post=156137"}],"curies":[{"name":"wp","href":"https:\/\/api.w.org\/{rel}","templated":true}]}}