{"id":156134,"date":"2020-03-03T14:37:38","date_gmt":"2020-03-03T17:37:38","guid":{"rendered":"https:\/\/diarioregionaldigital.com.br\/?p=156134"},"modified":"2020-03-03T14:37:38","modified_gmt":"2020-03-03T17:37:38","slug":"ranking-inscricoes-para-5a-corrida-unimed-terminam-neste-domingo","status":"publish","type":"post","link":"https:\/\/diarioregionaldigital.com.br\/?p=156134","title":{"rendered":"Ranking &#8211; Inscri\u00e7\u00f5es para \u201c5\u00aa Corrida Unimed\u201d terminam neste domingo"},"content":{"rendered":"<p><span style=\"font-weight: 400;\">A segunda etapa do \u201c34\u00ba Ranking de Corridas de Rua\u201d da Prefeitura de Juiz de Fora (PJF), com a disputa da \u201c5\u00aa Corrida Unimed\u201d, tem inscri\u00e7\u00f5es at\u00e9 domingo\u00a0 (8). O primeiro lote de participa\u00e7\u00e3o custa R$ 65, com kit composto por camisa, meia, viseira e doleira (pochete). Sem kit, a inscri\u00e7\u00e3o \u00e9 de R$ 40. Pessoas com mais de 60 anos pagam 50% do valor. A novidade desta edi\u00e7\u00e3o \u00e9 o percurso, em novo local. A corrida ter\u00e1 sete quil\u00f4metros, com largada na Av. Brasil, 6.345, em frente o Shopping Jardim Norte. Outra op\u00e7\u00e3o para os interessados \u00e9 a caminhada de tr\u00eas quil\u00f4metros.<\/span><\/p>\n<p><span style=\"font-weight: 400;\">A corrida acontecer\u00e1 no domingo (15), e a largada est\u00e1 prevista para as 8 horas. Esta etapa contemplar\u00e1, ainda, a disputa infantil, \u00e0s 9 horas, no mesmo dia. As inscri\u00e7\u00f5es podem ser realizadas no site corridao.com.br, ou nas lojas Terra Bikes (Rua Roberto de Barros, 200 \u2013 Centro e Ladeira Alexandre Leonel, 151 \u2013 Cascatinha).<\/span><\/p>\n<p><span style=\"font-weight: 400;\">A entrega dos kits ser\u00e1 no dia (14), s\u00e1bado, no Shopping Jardim Norte, das 13 \u00e0s 17 horas. Os chips ser\u00e3o distribu\u00eddos no dia da prova, das 6h30 \u00e0s 7h45. O \u201cRanking\u201d \u00e9 organizado pela Secretaria de Esporte e Lazer (SEL), da PJF, em parceria com empresas vencedoras de processo licitat\u00f3rio. Em 2020 ser\u00e3o 11 provas.<\/span><\/p>\n<p>&nbsp;<\/p>\n<p><strong>Fonte:<\/strong>\u00a0Assessoria<\/p>\n","protected":false},"excerpt":{"rendered":"<p>A segunda etapa do \u201c34\u00ba Ranking de Corridas de Rua\u201d da Prefeitura de Juiz de Fora (PJF), com a disputa da \u201c5\u00aa Corrida Unimed\u201d, tem inscri\u00e7\u00f5es at\u00e9 domingo\u00a0 (8). O primeiro lote de participa\u00e7\u00e3o custa R$ 65, com kit composto por camisa, meia, viseira e doleira (pochete). Sem kit, a inscri\u00e7\u00e3o \u00e9 de R$ 40. [&hellip;]<\/p>\n","protected":false},"author":96,"featured_media":156135,"comment_status":"closed","ping_status":"closed","sticky":false,"template":"","format":"standard","meta":{"footnotes":""},"categories":[436,257,439],"tags":[],"class_list":["post-156134","post","type-post","status-publish","format-standard","has-post-thumbnail","hentry","category-destaque-da-semana","category-esporte","category-ultima-hora"],"_links":{"self":[{"href":"https:\/\/diarioregionaldigital.com.br\/index.php?rest_route=\/wp\/v2\/posts\/156134","targetHints":{"allow":["GET"]}}],"collection":[{"href":"https:\/\/diarioregionaldigital.com.br\/index.php?rest_route=\/wp\/v2\/posts"}],"about":[{"href":"https:\/\/diarioregionaldigital.com.br\/index.php?rest_route=\/wp\/v2\/types\/post"}],"author":[{"embeddable":true,"href":"https:\/\/diarioregionaldigital.com.br\/index.php?rest_route=\/wp\/v2\/users\/96"}],"replies":[{"embeddable":true,"href":"https:\/\/diarioregionaldigital.com.br\/index.php?rest_route=%2Fwp%2Fv2%2Fcomments&post=156134"}],"version-history":[{"count":0,"href":"https:\/\/diarioregionaldigital.com.br\/index.php?rest_route=\/wp\/v2\/posts\/156134\/revisions"}],"wp:featuredmedia":[{"embeddable":true,"href":"https:\/\/diarioregionaldigital.com.br\/index.php?rest_route=\/wp\/v2\/media\/156135"}],"wp:attachment":[{"href":"https:\/\/diarioregionaldigital.com.br\/index.php?rest_route=%2Fwp%2Fv2%2Fmedia&parent=156134"}],"wp:term":[{"taxonomy":"category","embeddable":true,"href":"https:\/\/diarioregionaldigital.com.br\/index.php?rest_route=%2Fwp%2Fv2%2Fcategories&post=156134"},{"taxonomy":"post_tag","embeddable":true,"href":"https:\/\/diarioregionaldigital.com.br\/index.php?rest_route=%2Fwp%2Fv2%2Ftags&post=156134"}],"curies":[{"name":"wp","href":"https:\/\/api.w.org\/{rel}","templated":true}]}}