{"id":156131,"date":"2020-03-03T14:28:38","date_gmt":"2020-03-03T17:28:38","guid":{"rendered":"https:\/\/diarioregionaldigital.com.br\/?p=156131"},"modified":"2020-03-03T14:28:38","modified_gmt":"2020-03-03T17:28:38","slug":"governos-de-minas-e-sao-paulo-firmam-parceria-para-monitoramento-e-minimizacao-de-danos-provocados-pelas-chuvas","status":"publish","type":"post","link":"https:\/\/diarioregionaldigital.com.br\/?p=156131","title":{"rendered":"Governos de Minas e S\u00e3o Paulo firmam parceria para monitoramento e minimiza\u00e7\u00e3o de danos provocados pelas chuvas"},"content":{"rendered":"<p>O governador de Minas Gerais, Romeu Zema, se reuniu nessa segunda-feira (2) com o governador de S\u00e3o Paulo, Jo\u00e3o Doria, para discutir o Programa de Coopera\u00e7\u00e3o entre a Defesa Civil dos dois Estados. O objetivo da parceria \u00e9 reduzir os impactos das chuvas, intensificando o monitoramento de riscos geol\u00f3gicos e investindo na capacita\u00e7\u00e3o dos \u00f3rg\u00e3os competentes.<\/p>\n<p>Para Zema, o encontro \u00e9 uma forma de unir for\u00e7as e reduzir os impactos provocados pelo aumento do \u00edndice pluviom\u00e9trico na regi\u00e3o Sudeste do pa\u00eds. \u201cTanto Minas Gerais quanto S\u00e3o Paulo v\u00eam sofrendo com o alt\u00edssimo volume de chuva que nos atingiu nos \u00faltimos dois meses. Acredito que os dois Estados t\u00eam muito o que trocar em experi\u00eancias e tecnologias que nos ajudem na reconstru\u00e7\u00e3o das cidades mais afetadas. Juntos, certamente conseguiremos resultados melhores na redu\u00e7\u00e3o dos danos e na cria\u00e7\u00e3o de pol\u00edticas p\u00fablicas focadas na preven\u00e7\u00e3o\u201d, afirmou.<\/p>\n<p>Entre os temas tratados pelos governadores est\u00e3o: realiza\u00e7\u00e3o de capacita\u00e7\u00e3o do efetivo de Minas Gerais junto com o de S\u00e3o Paulo, especificamente para o aspecto geol\u00f3gico e estrutural; treinamento conjunto para equipes de SP e MG, com simulados e cursos envolvendo amea\u00e7as, principalmente relacionadas a barragens; parceria para mapeamento de \u00e1reas de risco via sat\u00e9lite, com utiliza\u00e7\u00e3o conjunta que possibilite menos custo e mais agilidade; conten\u00e7\u00e3o de inunda\u00e7\u00f5es e alagamentos; aprimoramento do interc\u00e2mbio na \u00e1rea de reconstru\u00e7\u00e3o da Defesa Civil de S\u00e3o Paulo com objetivo de estruturar \u00e1reas de obras em Minas Gerais; e cria\u00e7\u00e3o de uma for\u00e7a tarefa de apoio m\u00fatuo para a regi\u00e3o Sul e Sudeste por meio do Cons\u00f3rcio de Integra\u00e7\u00e3o Sul e Sudeste (Cosud).<\/p>\n<p>O governador do Estado de S\u00e3o Paulo, Jo\u00e3o Doria, destacou experi\u00eancias vividas pelas duas unidades federativas que podem ser trocadas, melhorando o atendimento \u00e0s popula\u00e7\u00f5es paulista e mineira atingidas pela chuva.<\/p>\n<p>&nbsp;<\/p>\n<p>\u201cDesde o in\u00edcio, h\u00e1 duas semanas, combinamos de ter essa reuni\u00e3o de coopera\u00e7\u00e3o entre a Defesa Civil de Minas Gerais e a Defesa Civil de S\u00e3o Paulo, dadas as experi\u00eancias que Minas teve desde janeiro passado, com Brumadinho. E S\u00e3o Paulo tamb\u00e9m no mesmo per\u00edodo. A \u00e9poca de ver\u00e3o em Minas Gerais e o per\u00edodo de ver\u00e3o em S\u00e3o Paulo produziram chuvas inigual\u00e1veis nos \u00faltimos 70 anos. E o acordo de coopera\u00e7\u00e3o na \u00e1rea de Defesa Civil vai ajudar os dois Estados a terem a\u00e7\u00f5es preventivas e tamb\u00e9m de socorro \u00e0 popula\u00e7\u00e3o em circunst\u00e2ncias clim\u00e1ticas. Infelizmente, a previs\u00e3o \u00e9 de termos chuvas intensas at\u00e9 o final de mar\u00e7o\u201d, afirmou.<\/p>\n<p>&nbsp;<\/p>\n<p>Tamb\u00e9m participaram do encontro o secret\u00e1rio de Estado de Governo de Minas, Bilac Pinto; o chefe do Gabinete Militar do Governador e coordenador estadual de Defesa Civil\/MG, coronel Rodrigo Sousa Rodrigues; o secret\u00e1rio especial e chefe do Escrit\u00f3rio de Representa\u00e7\u00e3o do Estado de S\u00e3o Paulo em Bras\u00edlia, Antonio Imbassahy; e o secret\u00e1rio chefe da Casa Militar de S\u00e3o Paulo, coronel Walter Nyakas.<\/p>\n<p>&nbsp;<\/p>\n<p><strong>Chuva em Minas<\/strong><\/p>\n<p>O coordenador adjunto da Defesa Civil de Minas Gerais, tenente-coronel Fl\u00e1vio Godinho, destacou as estrat\u00e9gias adotadas em Minas Gerais para lidar com as tempestades que ainda devem cair no estado nas pr\u00f3ximas semanas.<\/p>\n<p>&nbsp;<\/p>\n<p>\u201cNeste momento, o planejamento \u00e9 continuar monitorando as \u00e1reas de risco, fazendo os alertas com tempo suficiente para que as pessoas possam se prevenir e mandando equipes para o interior para dar apoio a algumas Defesas Civis que n\u00e3o conseguem se estruturar de forma imediata. Vale ressaltar tamb\u00e9m que n\u00f3s estamos dando todo apoio aos munic\u00edpios para que eles possam receber o recurso que o governo federal destinou \u00e0s cidades atingidas\u201d, explicou, referindo-se ao compromisso firmado pela Uni\u00e3o de repassar at\u00e9 R$ 1 bilh\u00e3o para os munic\u00edpios mais afetados pelas chuvas.<\/p>\n<p>&nbsp;<\/p>\n<p>No \u00faltimo s\u00e1bado (29), 35 cidades mineiras receberam o valor de R$ 17 milh\u00f5es, por meio do Minist\u00e9rio do Desenvolvimento Regional. Os demais munic\u00edpios, incluindo alguns que tiveram os pedidos de recursos indeferidos pelo governo federal, est\u00e3o recebendo apoio da Defesa Civil estadual para adequar a documenta\u00e7\u00e3o.<\/p>\n<p>&nbsp;<\/p>\n<p>\u201cN\u00f3s estamos, hoje, com 57 munic\u00edpios que tiveram os seus pedidos de recursos indeferidos pelo governo federal para que fossem corrigidos. Eles precisam de acertos de quantidades de pessoas desalojadas, locais que tiveram alguns desastres, e n\u00f3s estamos auxiliando de forma t\u00e9cnica para que esta documenta\u00e7\u00e3o fique pronta at\u00e9 quarta-feira para que possamos encaminhar novamente para Bras\u00edlia\u201d, finalizou Godin<\/p>\n<p>&nbsp;<\/p>\n<p><strong>Fonte:\u00a0<\/strong>Ag\u00eancia Minas<\/p>\n","protected":false},"excerpt":{"rendered":"<p>O governador de Minas Gerais, Romeu Zema, se reuniu nessa segunda-feira (2) com o governador de S\u00e3o Paulo, Jo\u00e3o Doria, para discutir o Programa de Coopera\u00e7\u00e3o entre a Defesa Civil dos dois Estados. O objetivo da parceria \u00e9 reduzir os impactos das chuvas, intensificando o monitoramento de riscos geol\u00f3gicos e investindo na capacita\u00e7\u00e3o dos \u00f3rg\u00e3os [&hellip;]<\/p>\n","protected":false},"author":96,"featured_media":156132,"comment_status":"closed","ping_status":"closed","sticky":false,"template":"","format":"standard","meta":{"footnotes":""},"categories":[436,440,252,439],"tags":[],"class_list":["post-156131","post","type-post","status-publish","format-standard","has-post-thumbnail","hentry","category-destaque-da-semana","category-destaques-do-dia","category-regiao","category-ultima-hora"],"_links":{"self":[{"href":"https:\/\/diarioregionaldigital.com.br\/index.php?rest_route=\/wp\/v2\/posts\/156131","targetHints":{"allow":["GET"]}}],"collection":[{"href":"https:\/\/diarioregionaldigital.com.br\/index.php?rest_route=\/wp\/v2\/posts"}],"about":[{"href":"https:\/\/diarioregionaldigital.com.br\/index.php?rest_route=\/wp\/v2\/types\/post"}],"author":[{"embeddable":true,"href":"https:\/\/diarioregionaldigital.com.br\/index.php?rest_route=\/wp\/v2\/users\/96"}],"replies":[{"embeddable":true,"href":"https:\/\/diarioregionaldigital.com.br\/index.php?rest_route=%2Fwp%2Fv2%2Fcomments&post=156131"}],"version-history":[{"count":0,"href":"https:\/\/diarioregionaldigital.com.br\/index.php?rest_route=\/wp\/v2\/posts\/156131\/revisions"}],"wp:featuredmedia":[{"embeddable":true,"href":"https:\/\/diarioregionaldigital.com.br\/index.php?rest_route=\/wp\/v2\/media\/156132"}],"wp:attachment":[{"href":"https:\/\/diarioregionaldigital.com.br\/index.php?rest_route=%2Fwp%2Fv2%2Fmedia&parent=156131"}],"wp:term":[{"taxonomy":"category","embeddable":true,"href":"https:\/\/diarioregionaldigital.com.br\/index.php?rest_route=%2Fwp%2Fv2%2Fcategories&post=156131"},{"taxonomy":"post_tag","embeddable":true,"href":"https:\/\/diarioregionaldigital.com.br\/index.php?rest_route=%2Fwp%2Fv2%2Ftags&post=156131"}],"curies":[{"name":"wp","href":"https:\/\/api.w.org\/{rel}","templated":true}]}}