{"id":156126,"date":"2020-03-03T14:21:29","date_gmt":"2020-03-03T17:21:29","guid":{"rendered":"https:\/\/diarioregionaldigital.com.br\/?p=156126"},"modified":"2020-03-03T14:21:29","modified_gmt":"2020-03-03T17:21:29","slug":"mulher-de-38-anos-e-ameacada-de-morte-durante-assalto-no-francisco-bernadino","status":"publish","type":"post","link":"https:\/\/diarioregionaldigital.com.br\/?p=156126","title":{"rendered":"Mulher de 38 anos \u00e9 amea\u00e7ada de morte durante assalto no Francisco Bernadino"},"content":{"rendered":"<p><span style=\"font-weight: 400;\">Uma mulher de 38 anos, foi v\u00edtima de amea\u00e7a durante um assalto no Bairro Francisco Bernadino (Regi\u00e3o\u00a0 Noroeste), na noite dessa segunda-feira (2) em Juiz de Fora. A v\u00edtima relatou que retornava para sua resid\u00eancia, quando foi abordada por um homem que transitava de bicicleta pelo local.<\/span><\/p>\n<p><span style=\"font-weight: 400;\">Ao se aproximar da v\u00edtima, o indiv\u00edduo mostrou uma arma de fogo, que estava na cintura e anunciou o assalto. O suspeito exigiu que a v\u00edtima entregasse o celular e fez amea\u00e7as de morte, caso ela n\u00e3o repassasse o aparelho. Diante do fato, o autor tomou posse do celular e levou tamb\u00e9m o cart\u00e3o de cr\u00e9dito\/d\u00e9bito da v\u00edtima.\u00a0<\/span><\/p>\n<p><span style=\"font-weight: 400;\">O indiv\u00edduo fugiu do local e devido ao intervalo de tempo entre o ocorrido e o acionamento da Pol\u00edcia Militar (PM), o rastreamento ficou prejudicado.<\/span><\/p>\n","protected":false},"excerpt":{"rendered":"<p>Uma mulher de 38 anos, foi v\u00edtima de amea\u00e7a durante um assalto no Bairro Francisco Bernadino (Regi\u00e3o\u00a0 Noroeste), na noite dessa segunda-feira (2) em Juiz de Fora. A v\u00edtima relatou que retornava para sua resid\u00eancia, quando foi abordada por um homem que transitava de bicicleta pelo local. Ao se aproximar da v\u00edtima, o indiv\u00edduo mostrou [&hellip;]<\/p>\n","protected":false},"author":96,"featured_media":97342,"comment_status":"closed","ping_status":"closed","sticky":false,"template":"","format":"standard","meta":{"footnotes":""},"categories":[301,436,440,439],"tags":[],"class_list":["post-156126","post","type-post","status-publish","format-standard","has-post-thumbnail","hentry","category-artigos-policiais","category-destaque-da-semana","category-destaques-do-dia","category-ultima-hora"],"_links":{"self":[{"href":"https:\/\/diarioregionaldigital.com.br\/index.php?rest_route=\/wp\/v2\/posts\/156126","targetHints":{"allow":["GET"]}}],"collection":[{"href":"https:\/\/diarioregionaldigital.com.br\/index.php?rest_route=\/wp\/v2\/posts"}],"about":[{"href":"https:\/\/diarioregionaldigital.com.br\/index.php?rest_route=\/wp\/v2\/types\/post"}],"author":[{"embeddable":true,"href":"https:\/\/diarioregionaldigital.com.br\/index.php?rest_route=\/wp\/v2\/users\/96"}],"replies":[{"embeddable":true,"href":"https:\/\/diarioregionaldigital.com.br\/index.php?rest_route=%2Fwp%2Fv2%2Fcomments&post=156126"}],"version-history":[{"count":0,"href":"https:\/\/diarioregionaldigital.com.br\/index.php?rest_route=\/wp\/v2\/posts\/156126\/revisions"}],"wp:featuredmedia":[{"embeddable":true,"href":"https:\/\/diarioregionaldigital.com.br\/index.php?rest_route=\/wp\/v2\/media\/97342"}],"wp:attachment":[{"href":"https:\/\/diarioregionaldigital.com.br\/index.php?rest_route=%2Fwp%2Fv2%2Fmedia&parent=156126"}],"wp:term":[{"taxonomy":"category","embeddable":true,"href":"https:\/\/diarioregionaldigital.com.br\/index.php?rest_route=%2Fwp%2Fv2%2Fcategories&post=156126"},{"taxonomy":"post_tag","embeddable":true,"href":"https:\/\/diarioregionaldigital.com.br\/index.php?rest_route=%2Fwp%2Fv2%2Ftags&post=156126"}],"curies":[{"name":"wp","href":"https:\/\/api.w.org\/{rel}","templated":true}]}}