{"id":156095,"date":"2020-03-02T17:34:08","date_gmt":"2020-03-02T20:34:08","guid":{"rendered":"https:\/\/diarioregionaldigital.com.br\/?p=156095"},"modified":"2020-03-02T17:34:08","modified_gmt":"2020-03-02T20:34:08","slug":"prf-apreende-gas-ilegal-vindo-do-rio-de-janeiro","status":"publish","type":"post","link":"https:\/\/diarioregionaldigital.com.br\/?p=156095","title":{"rendered":"PRF apreende g\u00e1s ilegal vindo do Rio de Janeiro"},"content":{"rendered":"<p>Durante fiscaliza\u00e7\u00e3o de rotina realizada por volta das 16h10 do dia 28 de fevereiro de 2020, no km 816 da BR040, em Sim\u00e3o Pereira , agentes da PRF abordaram uma carreta que transportava 903 botij\u00f5es carregados com g\u00e1s de cozinha &#8211; GLP.<\/p>\n<p>A carreta, composta por um cavalo trator com placas de S\u00e3o Gon\u00e7alo e um semirreboque com placas de Maric\u00e1, era conduzida por um homem de 54 anos, residente em S\u00e3o Gon\u00e7alo.<\/p>\n<p>O condutor da carreta informou que iria entregar a mercadoria em um dep\u00f3sito em Juiz de Fora.<\/p>\n<p>As Notas Fiscais apresentadas n\u00e3o informavam o pagamento de todos os tributos devidos, caracterizando Crime Contra a Ordem Tribut\u00e1ria.<\/p>\n<p>Esta \u00e9 a 4\u00aa vez que este ve\u00edculo de transporte de g\u00e1s de cozinha, conduzido pelo mesmo motorista \u00e9 apreendido pela Pol\u00edcia Rodovi\u00e1ria Federal pelo mesmo motivo.<\/p>\n<p>Tendo em vista os fatos narrados o ve\u00edculo foi encaminhado para o p\u00e1tio da Pol\u00edcia Rodovi\u00e1ria Federal onde vai permanecer \u00e0 disposi\u00e7\u00e3o da Receita Estadual para lavratura dos respectivos autos de infra\u00e7\u00e3o e demais provid\u00eancias cab\u00edveis.<\/p>\n<p>&nbsp;<\/p>\n<p><strong>Fonte:\u00a0<\/strong>PRF<\/p>\n","protected":false},"excerpt":{"rendered":"<p>Durante fiscaliza\u00e7\u00e3o de rotina realizada por volta das 16h10 do dia 28 de fevereiro de 2020, no km 816 da BR040, em Sim\u00e3o Pereira , agentes da PRF abordaram uma carreta que transportava 903 botij\u00f5es carregados com g\u00e1s de cozinha &#8211; GLP. A carreta, composta por um cavalo trator com placas de S\u00e3o Gon\u00e7alo e [&hellip;]<\/p>\n","protected":false},"author":96,"featured_media":156096,"comment_status":"closed","ping_status":"closed","sticky":false,"template":"","format":"standard","meta":{"footnotes":""},"categories":[301,436,439],"tags":[],"class_list":["post-156095","post","type-post","status-publish","format-standard","has-post-thumbnail","hentry","category-artigos-policiais","category-destaque-da-semana","category-ultima-hora"],"_links":{"self":[{"href":"https:\/\/diarioregionaldigital.com.br\/index.php?rest_route=\/wp\/v2\/posts\/156095","targetHints":{"allow":["GET"]}}],"collection":[{"href":"https:\/\/diarioregionaldigital.com.br\/index.php?rest_route=\/wp\/v2\/posts"}],"about":[{"href":"https:\/\/diarioregionaldigital.com.br\/index.php?rest_route=\/wp\/v2\/types\/post"}],"author":[{"embeddable":true,"href":"https:\/\/diarioregionaldigital.com.br\/index.php?rest_route=\/wp\/v2\/users\/96"}],"replies":[{"embeddable":true,"href":"https:\/\/diarioregionaldigital.com.br\/index.php?rest_route=%2Fwp%2Fv2%2Fcomments&post=156095"}],"version-history":[{"count":0,"href":"https:\/\/diarioregionaldigital.com.br\/index.php?rest_route=\/wp\/v2\/posts\/156095\/revisions"}],"wp:featuredmedia":[{"embeddable":true,"href":"https:\/\/diarioregionaldigital.com.br\/index.php?rest_route=\/wp\/v2\/media\/156096"}],"wp:attachment":[{"href":"https:\/\/diarioregionaldigital.com.br\/index.php?rest_route=%2Fwp%2Fv2%2Fmedia&parent=156095"}],"wp:term":[{"taxonomy":"category","embeddable":true,"href":"https:\/\/diarioregionaldigital.com.br\/index.php?rest_route=%2Fwp%2Fv2%2Fcategories&post=156095"},{"taxonomy":"post_tag","embeddable":true,"href":"https:\/\/diarioregionaldigital.com.br\/index.php?rest_route=%2Fwp%2Fv2%2Ftags&post=156095"}],"curies":[{"name":"wp","href":"https:\/\/api.w.org\/{rel}","templated":true}]}}