{"id":156092,"date":"2020-03-02T17:31:06","date_gmt":"2020-03-02T20:31:06","guid":{"rendered":"https:\/\/diarioregionaldigital.com.br\/?p=156092"},"modified":"2020-03-02T17:31:06","modified_gmt":"2020-03-02T20:31:06","slug":"colisao-deixa-duas-mulheres-feridas-em-sao-joao-del-rey","status":"publish","type":"post","link":"https:\/\/diarioregionaldigital.com.br\/?p=156092","title":{"rendered":"Colis\u00e3o deixa duas mulheres feridas em S\u00e3o Jo\u00e3o Del Rey"},"content":{"rendered":"<p>Duas mulheres ficaram feridas ap\u00f3s uma colis\u00e3o frontal entre os ve\u00edculos conduzidos por elas na rodovia BR-383, pr\u00f3ximo a S\u00e3o Jo\u00e3o Del Rey. Segundo informa\u00e7\u00f5es do Corpo de Bombeiros, um dos autom\u00f3veis era de S\u00e3o Jo\u00e3o Del Rey e o outro \u00e9 de Lagoa Dourada. A condutora foi atendida pelo SAMU e a outra, natural de Lagoa Dourada, teve luxa\u00e7\u00e3o na perna direita e um corte no bra\u00e7o esquerdo.<\/p>\n<p>No momento do acidente, chovia bastante e a pista estava molhada.<\/p>\n","protected":false},"excerpt":{"rendered":"<p>Duas mulheres ficaram feridas ap\u00f3s uma colis\u00e3o frontal entre os ve\u00edculos conduzidos por elas na rodovia BR-383, pr\u00f3ximo a S\u00e3o Jo\u00e3o Del Rey. Segundo informa\u00e7\u00f5es do Corpo de Bombeiros, um dos autom\u00f3veis era de S\u00e3o Jo\u00e3o Del Rey e o outro \u00e9 de Lagoa Dourada. A condutora foi atendida pelo SAMU e a outra, natural [&hellip;]<\/p>\n","protected":false},"author":96,"featured_media":156093,"comment_status":"closed","ping_status":"closed","sticky":false,"template":"","format":"standard","meta":{"footnotes":""},"categories":[436,252,439],"tags":[],"class_list":["post-156092","post","type-post","status-publish","format-standard","has-post-thumbnail","hentry","category-destaque-da-semana","category-regiao","category-ultima-hora"],"_links":{"self":[{"href":"https:\/\/diarioregionaldigital.com.br\/index.php?rest_route=\/wp\/v2\/posts\/156092","targetHints":{"allow":["GET"]}}],"collection":[{"href":"https:\/\/diarioregionaldigital.com.br\/index.php?rest_route=\/wp\/v2\/posts"}],"about":[{"href":"https:\/\/diarioregionaldigital.com.br\/index.php?rest_route=\/wp\/v2\/types\/post"}],"author":[{"embeddable":true,"href":"https:\/\/diarioregionaldigital.com.br\/index.php?rest_route=\/wp\/v2\/users\/96"}],"replies":[{"embeddable":true,"href":"https:\/\/diarioregionaldigital.com.br\/index.php?rest_route=%2Fwp%2Fv2%2Fcomments&post=156092"}],"version-history":[{"count":0,"href":"https:\/\/diarioregionaldigital.com.br\/index.php?rest_route=\/wp\/v2\/posts\/156092\/revisions"}],"wp:featuredmedia":[{"embeddable":true,"href":"https:\/\/diarioregionaldigital.com.br\/index.php?rest_route=\/wp\/v2\/media\/156093"}],"wp:attachment":[{"href":"https:\/\/diarioregionaldigital.com.br\/index.php?rest_route=%2Fwp%2Fv2%2Fmedia&parent=156092"}],"wp:term":[{"taxonomy":"category","embeddable":true,"href":"https:\/\/diarioregionaldigital.com.br\/index.php?rest_route=%2Fwp%2Fv2%2Fcategories&post=156092"},{"taxonomy":"post_tag","embeddable":true,"href":"https:\/\/diarioregionaldigital.com.br\/index.php?rest_route=%2Fwp%2Fv2%2Ftags&post=156092"}],"curies":[{"name":"wp","href":"https:\/\/api.w.org\/{rel}","templated":true}]}}