{"id":156088,"date":"2020-03-02T16:51:18","date_gmt":"2020-03-02T19:51:18","guid":{"rendered":"https:\/\/diarioregionaldigital.com.br\/?p=156088"},"modified":"2020-03-02T16:53:04","modified_gmt":"2020-03-02T19:53:04","slug":"atacante-revelado-pelo-futebol-ufjf-assina-com-o-gremio","status":"publish","type":"post","link":"https:\/\/diarioregionaldigital.com.br\/?p=156088","title":{"rendered":"Atacante revelado pelo Futebol UFJF assina com o Gr\u00eamio"},"content":{"rendered":"<p><span style=\"font-weight: 400;\">O projeto de extens\u00e3o Futebol UFJF, da Universidade Federal de Juiz de Fora (UFJF), segue revelando talentos e materializando sonhos. No dia 26 de fevereiro, o Gr\u00eamio\/RS apresentou o atacante Jhonathan Teodoro. O jovem de 18 anos participou do projeto da Universidade desde o come\u00e7o da iniciativa, em 2014, e permaneceu at\u00e9 o final de 2018, sendo campe\u00e3o mineiro da Segunda Divis\u00e3o, nas categorias Sub-15 e Sub-17.<\/span><\/p>\n<p><span style=\"font-weight: 400;\">O atacante disputou a \u00faltima edi\u00e7\u00e3o da Copa S\u00e3o Paulo de Futebol Junior \u2013 o maior torneio da categoria do pa\u00eds \u2013 pelo Jaguari\u00fana Futebol Clube, do interior de S\u00e3o Paulo. De acordo com o atleta, a assinatura do contrato, que se deu no dia 17 de janeiro, marca a realiza\u00e7\u00e3o de um sonho. \u201cEstou muito feliz porque eu precisava disso, j\u00e1 que a Copinha tinha acabado e eu n\u00e3o tinha um clube grande, apesar de estar no Jaguari\u00fana. O Gr\u00eamio me abriu as portas e agora tenho que segurar essa oportunidade\u201d, afirma.\u00a0\u00a0<\/span><\/p>\n<p><span style=\"font-weight: 400;\">\u201cEle participou de cinco anos de projeto e sempre foi um menino que treinava muito, se dedicava, al\u00e9m de ser um atleta forte e veloz. Superou dificuldades sociais, com a\u00a0 m\u00e3e sempre apoiando, participando de tudo\u201d, conta o coordenador do Futebol UFJF, professor Marcelo Matta.\u00a0<\/span><\/p>\n<p><span style=\"font-weight: 400;\">A m\u00e3e, Adriana Teodoro, moradora do Bairro Sagrado Cora\u00e7\u00e3o, na Zona Sul de Juiz de Fora, compartilha o mesmo sentimento. \u201c\u00c9 uma coisa que ele sonhava desde que nasceu, foi maravilhoso. O presidente do Jaguari\u00fana j\u00e1 tinha me falado da proposta e ficamos ansiosos porque tamb\u00e9m tinha interesse do Athletico-PR e do Vasco\u201d, conta.\u00a0<\/span><\/p>\n<p><span style=\"font-weight: 400;\">A trajet\u00f3ria de Jhon Jhon, como \u00e9 conhecido, \u00e9 parecida com a da maioria de jovens que sonham em se tornar jogadores de futebol profissional e oferecer um futuro mais promissor para a fam\u00edlia. Antes de assinar por um ano com o time ga\u00facho, o atacante foi recusado em peneiras nas tr\u00eas grandes equipes de Minas Gerais \u2013 Am\u00e9rica, Cruzeiro e Atl\u00e9tico.<\/span><\/p>\n<p><span style=\"font-weight: 400;\">\u201cO Projeto da UFJF ajudou muito, pois o ensinou disciplina, trabalho em equipe. Al\u00e9m disso, ele ganhou conhecimento para saber lidar com as vit\u00f3rias e as derrotas do esporte e saber esperar o momento certo. Mesmo com a reprova\u00e7\u00e3o nas peneiras, o pessoal da UFJF sempre conversava com ele, orientava, falando que tudo tem o seu tempo certo para acontecer\u201d, lembra a m\u00e3e.\u00a0\u00a0<\/span><\/p>\n<p><span style=\"font-weight: 400;\">O novo contratado do Gr\u00eamio tamb\u00e9m guarda com carinho as lembran\u00e7as dos tempos de Futebol UFJF. \u201cEstive no projeto desde pequeno e isso me ajudou a evoluir muito. Conheci v\u00e1rios amigos, al\u00e9m dos treinadores, que chegaram a at\u00e9 a abrir m\u00e3o de coisas por mim. Se n\u00e3o tivesse participado do Futebol UFJF, n\u00e3o estaria onde estou hoje\u201d, agradece Jhonatan.<\/span><\/p>\n<p><b>Futebol UFJF<\/b><\/p>\n<p><span style=\"font-weight: 400;\">O projeto de extens\u00e3o Futebol UFJF surgiu em 2014. Em 2019, o time, em parceria com o Tupynamb\u00e1s, de Juiz de Fora, conquistou o t\u00edtulo da 2\u00aa Divis\u00e3o do Campeonato Mineiro Sub-17. A equipe Sub-15 terminou a fase final em quarto lugar.<\/span><\/p>\n<p><span style=\"font-weight: 400;\">O programa oferece oportunidade de treinamento gratuito, principalmente para jovens moradores dos bairros do entorno da Universidade, visando \u00e0 forma\u00e7\u00e3o profissional para garotos a partir de dez anos at\u00e9 a fase adulta, e de garotas a partir de 14 anos, contando com a estrutura da Faculdade de Educa\u00e7\u00e3o F\u00edsica e Desportos (Faefid) para a realiza\u00e7\u00e3o dos treinamentos.<\/span><\/p>\n<p><span style=\"font-weight: 400;\">A equipe conta com o trabalho conjunto de alunos da Faefid, que auxiliam durante todo o processo de treinamento f\u00edsico e t\u00e9cnico, compondo a comiss\u00e3o t\u00e9cnica de todas as categorias e tamb\u00e9m aperfei\u00e7oando a arbitragem.<\/span><\/p>\n<p>&nbsp;<\/p>\n<p><strong>Fonte:<\/strong>\u00a0Assessoria<\/p>\n","protected":false},"excerpt":{"rendered":"<p>O projeto de extens\u00e3o Futebol UFJF, da Universidade Federal de Juiz de Fora (UFJF), segue revelando talentos e materializando sonhos. No dia 26 de fevereiro, o Gr\u00eamio\/RS apresentou o atacante Jhonathan Teodoro. O jovem de 18 anos participou do projeto da Universidade desde o come\u00e7o da iniciativa, em 2014, e permaneceu at\u00e9 o final de [&hellip;]<\/p>\n","protected":false},"author":96,"featured_media":156091,"comment_status":"closed","ping_status":"closed","sticky":false,"template":"","format":"standard","meta":{"footnotes":""},"categories":[436,257,439],"tags":[],"class_list":["post-156088","post","type-post","status-publish","format-standard","has-post-thumbnail","hentry","category-destaque-da-semana","category-esporte","category-ultima-hora"],"_links":{"self":[{"href":"https:\/\/diarioregionaldigital.com.br\/index.php?rest_route=\/wp\/v2\/posts\/156088","targetHints":{"allow":["GET"]}}],"collection":[{"href":"https:\/\/diarioregionaldigital.com.br\/index.php?rest_route=\/wp\/v2\/posts"}],"about":[{"href":"https:\/\/diarioregionaldigital.com.br\/index.php?rest_route=\/wp\/v2\/types\/post"}],"author":[{"embeddable":true,"href":"https:\/\/diarioregionaldigital.com.br\/index.php?rest_route=\/wp\/v2\/users\/96"}],"replies":[{"embeddable":true,"href":"https:\/\/diarioregionaldigital.com.br\/index.php?rest_route=%2Fwp%2Fv2%2Fcomments&post=156088"}],"version-history":[{"count":0,"href":"https:\/\/diarioregionaldigital.com.br\/index.php?rest_route=\/wp\/v2\/posts\/156088\/revisions"}],"wp:featuredmedia":[{"embeddable":true,"href":"https:\/\/diarioregionaldigital.com.br\/index.php?rest_route=\/wp\/v2\/media\/156091"}],"wp:attachment":[{"href":"https:\/\/diarioregionaldigital.com.br\/index.php?rest_route=%2Fwp%2Fv2%2Fmedia&parent=156088"}],"wp:term":[{"taxonomy":"category","embeddable":true,"href":"https:\/\/diarioregionaldigital.com.br\/index.php?rest_route=%2Fwp%2Fv2%2Fcategories&post=156088"},{"taxonomy":"post_tag","embeddable":true,"href":"https:\/\/diarioregionaldigital.com.br\/index.php?rest_route=%2Fwp%2Fv2%2Ftags&post=156088"}],"curies":[{"name":"wp","href":"https:\/\/api.w.org\/{rel}","templated":true}]}}