{"id":156082,"date":"2020-03-02T16:24:15","date_gmt":"2020-03-02T19:24:15","guid":{"rendered":"https:\/\/diarioregionaldigital.com.br\/?p=156082"},"modified":"2020-03-02T16:24:15","modified_gmt":"2020-03-02T19:24:15","slug":"alex-nascif-nao-e-mais-tecnico-do-tupi","status":"publish","type":"post","link":"https:\/\/diarioregionaldigital.com.br\/?p=156082","title":{"rendered":"Alex Nascif n\u00e3o \u00e9 mais t\u00e9cnico do Tupi"},"content":{"rendered":"<p><span style=\"font-weight: 400;\">O Tupi anunciou na tarde desta segunda-feira (2), a demiss\u00e3o do t\u00e9cnico Alex Nascif. O ex-treinador do Galo Carij\u00f3 assumiu o comando ainda este ano e participou nos quatro jogos disputados no M\u00f3dulo II do Campeonato Mineiro, com dois empates e duas derrotas.<\/span><\/p>\n<p><span style=\"font-weight: 400;\">Atrav\u00e9s de uma postagem em rede social, o Tupi fez agradecimentos <\/span><span style=\"font-weight: 400;\">a \u201ctodo o profissionalismo e dedica\u00e7\u00e3o do professor. Desejamos boa sorte na sua carreira profissional\u201d.<\/span><\/p>\n<p><span style=\"font-weight: 400;\">A diretoria do Carij\u00f3 ainda n\u00e3o definiu o novo comandante mas que o an\u00fancio deve sair em breve.<\/span><\/p>\n","protected":false},"excerpt":{"rendered":"<p>O Tupi anunciou na tarde desta segunda-feira (2), a demiss\u00e3o do t\u00e9cnico Alex Nascif. O ex-treinador do Galo Carij\u00f3 assumiu o comando ainda este ano e participou nos quatro jogos disputados no M\u00f3dulo II do Campeonato Mineiro, com dois empates e duas derrotas. Atrav\u00e9s de uma postagem em rede social, o Tupi fez agradecimentos a [&hellip;]<\/p>\n","protected":false},"author":96,"featured_media":156083,"comment_status":"closed","ping_status":"closed","sticky":false,"template":"","format":"standard","meta":{"footnotes":""},"categories":[436,257,439],"tags":[],"class_list":["post-156082","post","type-post","status-publish","format-standard","has-post-thumbnail","hentry","category-destaque-da-semana","category-esporte","category-ultima-hora"],"_links":{"self":[{"href":"https:\/\/diarioregionaldigital.com.br\/index.php?rest_route=\/wp\/v2\/posts\/156082","targetHints":{"allow":["GET"]}}],"collection":[{"href":"https:\/\/diarioregionaldigital.com.br\/index.php?rest_route=\/wp\/v2\/posts"}],"about":[{"href":"https:\/\/diarioregionaldigital.com.br\/index.php?rest_route=\/wp\/v2\/types\/post"}],"author":[{"embeddable":true,"href":"https:\/\/diarioregionaldigital.com.br\/index.php?rest_route=\/wp\/v2\/users\/96"}],"replies":[{"embeddable":true,"href":"https:\/\/diarioregionaldigital.com.br\/index.php?rest_route=%2Fwp%2Fv2%2Fcomments&post=156082"}],"version-history":[{"count":0,"href":"https:\/\/diarioregionaldigital.com.br\/index.php?rest_route=\/wp\/v2\/posts\/156082\/revisions"}],"wp:featuredmedia":[{"embeddable":true,"href":"https:\/\/diarioregionaldigital.com.br\/index.php?rest_route=\/wp\/v2\/media\/156083"}],"wp:attachment":[{"href":"https:\/\/diarioregionaldigital.com.br\/index.php?rest_route=%2Fwp%2Fv2%2Fmedia&parent=156082"}],"wp:term":[{"taxonomy":"category","embeddable":true,"href":"https:\/\/diarioregionaldigital.com.br\/index.php?rest_route=%2Fwp%2Fv2%2Fcategories&post=156082"},{"taxonomy":"post_tag","embeddable":true,"href":"https:\/\/diarioregionaldigital.com.br\/index.php?rest_route=%2Fwp%2Fv2%2Ftags&post=156082"}],"curies":[{"name":"wp","href":"https:\/\/api.w.org\/{rel}","templated":true}]}}