{"id":156079,"date":"2020-03-02T15:54:07","date_gmt":"2020-03-02T18:54:07","guid":{"rendered":"https:\/\/diarioregionaldigital.com.br\/?p=156079"},"modified":"2020-03-02T15:54:07","modified_gmt":"2020-03-02T18:54:07","slug":"clubes-realizam-conselho-tecnico-do-campeonato-brasileiro-serie-a-2020","status":"publish","type":"post","link":"https:\/\/diarioregionaldigital.com.br\/?p=156079","title":{"rendered":"Clubes realizam conselho t\u00e9cnico do Campeonato Brasileiro S\u00e9rie A 2020"},"content":{"rendered":"<p><span style=\"font-weight: 400;\">Os representantes dos 20 clubes que participam da S\u00e9rie A do Campeonato Brasileiro se reuniram na sede da CBF para o conselho t\u00e9cnico da competi\u00e7\u00e3o. Durante a reuni\u00e3o, foram debatidas normas para a disputa do Brasileir\u00e3o 2020.<\/span><\/p>\n<p><span style=\"font-weight: 400;\">A sess\u00e3o foi aberta pelo Presidente da CBF, Rog\u00e9rio Caboclo, que deu as boas vindas aos presentes e ressaltou o aspecto democr\u00e1tico da reuni\u00e3o:<\/span><\/p>\n<p>&nbsp;<\/p>\n<p><span style=\"font-weight: 400;\">\u201cEspero que tenhamos boas discuss\u00f5es, que tenhamos celeridade, equil\u00edbrio, coopera\u00e7\u00e3o no que vamos decidir para aquela que \u00e9 a maior competi\u00e7\u00e3o do hemisf\u00e9rio sul. Queremos fazer do Brasil uma m\u00e1quina de futebol, para que todos os equipamentos de norte a sul sejam sede de boas e grandes competi\u00e7\u00f5es\u201d.<\/span><\/p>\n<p>&nbsp;<\/p>\n<p><span style=\"font-weight: 400;\">Durante o conselho t\u00e9cnico, foram debatidos importantes quest\u00f5es para a disputa do Campeonato Brasileiro. Uma das principais mudan\u00e7as em rela\u00e7\u00e3o ao ano passado foi a decis\u00e3o de proibir a venda de mandos de campo no Brasileir\u00e3o. A proposta sugerida pelo pr\u00f3prio Presidente Rog\u00e9rio Caboclo foi aprovada pela maioria dos presentes. O objetivo da medida \u00e9 evitar a invers\u00e3o de mando de campo em confrontos do Campeonato Brasileiro, para que nenhum clube seja mandante de fato em mais de 19 jogos, provocando desequil\u00edbrio t\u00e9cnico na competi\u00e7\u00e3o.<\/span><\/p>\n<p><span style=\"font-weight: 400;\">Ficou decidido tamb\u00e9m que os clubes poder\u00e3o inscrever um total de 40 atletas no Campeonato Brasileiro at\u00e9 o dia 14 de agosto, com mais oito trocas na lista at\u00e9 o prazo definido do dia 11 de setembro. Apesar de mais &#8220;cedo&#8221; no calend\u00e1rio em rela\u00e7\u00e3o ao ano passado, o limite se mant\u00e9m na data pr\u00e9via \u00e0 22\u00aa rodada do Brasileir\u00e3o.<\/span><\/p>\n<p><span style=\"font-weight: 400;\">Ainda foram apresentadas algumas das principais iniciativas da CBF aprovada no conselho t\u00e9cnico de 2019. Houve explana\u00e7\u00f5es sobre a realiza\u00e7\u00e3o da Supercopa do Brasil, as campanhas de respeito \u00e0 arbitragem e de fomento ao p\u00fablico nos est\u00e1dios. A CBF tamb\u00e9m informou aos clubes as novidades a respeito do Projeto de Licenciamento de Clubes, em especial ao in\u00edcio da implementa\u00e7\u00e3o do programa de o fair play financeiro para essa temporada.<\/span><\/p>\n<p><span style=\"font-weight: 400;\">Ap\u00f3s a reuni\u00e3o, foi apresentada a tabela do Campeonato Brasileiro. Os representantes dos 20 clubes participantes da S\u00e9rie A puderam conhecer todos os 380 jogos e sua ordem no Brasileir\u00e3o. Com reedi\u00e7\u00f5es de finais do Brasileir\u00e3o, a primeira rodada traz a abertura oficial do campeonato com o confronto entre Flamengo e Atl\u00e9tico-MG, com mando do Rubro-negro, atual campe\u00e3o.<\/span><\/p>\n<p><span style=\"font-weight: 400;\">O Brasileir\u00e3o S\u00e9rie A est\u00e1 marcado para come\u00e7ar no primeiro fim de semana de maio. A data-base para a primeira rodada \u00e9 nos dias 2, 3 e 4 de maio, enquanto a \u00faltima rodada do Campeonato Brasileiro deve ser disputada no dia 6 de dezembro.<\/span><\/p>\n<p>&nbsp;<\/p>\n<p><b>Comiss\u00e3o Nacional de Clubes<\/b><\/p>\n<p><span style=\"font-weight: 400;\">A reuni\u00e3o tamb\u00e9m tratou temas da Comiss\u00e3o Nacional de Clubes para 2020. Os presidentes de Atl\u00e9tico-MG, S\u00e9rgio Sette C\u00e2mara, Bahia, Guilherme Bellintani, Fluminense, M\u00e1rio Bittencourt, Gr\u00eamio, Romildo Bolzan, e Palmeiras, Maur\u00edcio Galiotte, foram nomeados como representantes da Comiss\u00e3o. Samir Namur, presidente do Coritiba, e Milton Bivar, presidente do Sport, ser\u00e3o os suplentes.<\/span><\/p>\n<p>&nbsp;<\/p>\n<p><strong>Fonte:<\/strong>\u00a0CBF<\/p>\n<p>&nbsp;<\/p>\n<p>&nbsp;<\/p>\n","protected":false},"excerpt":{"rendered":"<p>Os representantes dos 20 clubes que participam da S\u00e9rie A do Campeonato Brasileiro se reuniram na sede da CBF para o conselho t\u00e9cnico da competi\u00e7\u00e3o. Durante a reuni\u00e3o, foram debatidas normas para a disputa do Brasileir\u00e3o 2020. A sess\u00e3o foi aberta pelo Presidente da CBF, Rog\u00e9rio Caboclo, que deu as boas vindas aos presentes e [&hellip;]<\/p>\n","protected":false},"author":96,"featured_media":156080,"comment_status":"closed","ping_status":"closed","sticky":false,"template":"","format":"standard","meta":{"footnotes":""},"categories":[436,257,439],"tags":[],"class_list":["post-156079","post","type-post","status-publish","format-standard","has-post-thumbnail","hentry","category-destaque-da-semana","category-esporte","category-ultima-hora"],"_links":{"self":[{"href":"https:\/\/diarioregionaldigital.com.br\/index.php?rest_route=\/wp\/v2\/posts\/156079","targetHints":{"allow":["GET"]}}],"collection":[{"href":"https:\/\/diarioregionaldigital.com.br\/index.php?rest_route=\/wp\/v2\/posts"}],"about":[{"href":"https:\/\/diarioregionaldigital.com.br\/index.php?rest_route=\/wp\/v2\/types\/post"}],"author":[{"embeddable":true,"href":"https:\/\/diarioregionaldigital.com.br\/index.php?rest_route=\/wp\/v2\/users\/96"}],"replies":[{"embeddable":true,"href":"https:\/\/diarioregionaldigital.com.br\/index.php?rest_route=%2Fwp%2Fv2%2Fcomments&post=156079"}],"version-history":[{"count":0,"href":"https:\/\/diarioregionaldigital.com.br\/index.php?rest_route=\/wp\/v2\/posts\/156079\/revisions"}],"wp:featuredmedia":[{"embeddable":true,"href":"https:\/\/diarioregionaldigital.com.br\/index.php?rest_route=\/wp\/v2\/media\/156080"}],"wp:attachment":[{"href":"https:\/\/diarioregionaldigital.com.br\/index.php?rest_route=%2Fwp%2Fv2%2Fmedia&parent=156079"}],"wp:term":[{"taxonomy":"category","embeddable":true,"href":"https:\/\/diarioregionaldigital.com.br\/index.php?rest_route=%2Fwp%2Fv2%2Fcategories&post=156079"},{"taxonomy":"post_tag","embeddable":true,"href":"https:\/\/diarioregionaldigital.com.br\/index.php?rest_route=%2Fwp%2Fv2%2Ftags&post=156079"}],"curies":[{"name":"wp","href":"https:\/\/api.w.org\/{rel}","templated":true}]}}