{"id":156076,"date":"2020-03-02T15:06:09","date_gmt":"2020-03-02T18:06:09","guid":{"rendered":"https:\/\/diarioregionaldigital.com.br\/?p=156076"},"modified":"2020-03-02T15:06:09","modified_gmt":"2020-03-02T18:06:09","slug":"brasil-monitora-252-pacientes-com-suspeita-de-coronavirus","status":"publish","type":"post","link":"https:\/\/diarioregionaldigital.com.br\/?p=156076","title":{"rendered":"Brasil monitora 252 pacientes com suspeita de coronav\u00edrus"},"content":{"rendered":"<p>O Minist\u00e9rio da Sa\u00fade monitora 252 pacientes com suspeita de infe\u00e7\u00e3o pelo novo coronav\u00edrus. Foram descartados 89 casos. Os n\u00fameros foram atualizados nesse domingo (1) na Plataforma Integrada de Vigil\u00e2ncia em Sa\u00fade. A maioria das suspeitas \u00e9 de S\u00e3o Paulo, com 136 casos. At\u00e9 ontem, havia 207 pacientes com suspeita de infe\u00e7\u00e3o pelo novo coronav\u00edrus e 79 casos tinham sido descartados.<\/p>\n<p>O pa\u00eds continua com dois casos confirmados em S\u00e3o Paulo. Os dois casos confirmados t\u00eam como local de infec\u00e7\u00e3o a It\u00e1lia. Ambos s\u00e3o brasileiros e moram no estado de S\u00e3o Paulo. Os casos n\u00e3o t\u00eam v\u00ednculo entre si e foram identificados em unidade de sa\u00fade privada, conforme informou o minist\u00e9rio.<\/p>\n<p>A partir desta segunda-feira (2), o Minist\u00e9rio da Sa\u00fade tamb\u00e9m inicia um novo fluxo e adotar\u00e1 integralmente os dados repassados pelos gestores locais. Antes, cada notifica\u00e7\u00e3o era reanalisada pela equipe da pasta. A a\u00e7\u00e3o de descentraliza\u00e7\u00e3o da consolida\u00e7\u00e3o dos casos busca dar agilidade de resposta \u00e0 doen\u00e7a. Os ajustes do novo fluxo est\u00e3o sendo realizados neste fim de semana.<\/p>\n<p>Para evitar a prolifera\u00e7\u00e3o do v\u00edrus, o Minist\u00e9rio da Sa\u00fade recomenda medidas b\u00e1sicas de higiene, como lavar as m\u00e3os com \u00e1gua e sab\u00e3o, utilizar len\u00e7o descart\u00e1vel para higiene nasal, cobrir o nariz e a boca com um len\u00e7o de papel quando espirrar ou tossir e jog\u00e1-lo no lixo. Evitar tocar olhos, nariz e boca sem que as m\u00e3os estejam limpas.<\/p>\n<p><strong>Aplicativo<\/strong><\/p>\n<p>O Minist\u00e9rio da Sa\u00fade lan\u00e7ou o aplicativo Coronav\u00edrus-SUS com o objetivo de conscientizar a popula\u00e7\u00e3o sobre o Covid-19, doen\u00e7a causada pelo v\u00edrus.<\/p>\n<p>O recurso conta com informativos de diversos t\u00f3picos como os sintomas, como se prevenir, o que fazer em caso de suspeita de infec\u00e7\u00e3o e mapa indicando unidades de sa\u00fade pr\u00f3ximas. O aplicativo est\u00e1 dispon\u00edvel para dispositivos Android e IOs.<\/p>\n<p>&nbsp;<\/p>\n<p><strong>Fonte:\u00a0<\/strong>Ag\u00eancia Brasil<\/p>\n","protected":false},"excerpt":{"rendered":"<p>O Minist\u00e9rio da Sa\u00fade monitora 252 pacientes com suspeita de infe\u00e7\u00e3o pelo novo coronav\u00edrus. Foram descartados 89 casos. Os n\u00fameros foram atualizados nesse domingo (1) na Plataforma Integrada de Vigil\u00e2ncia em Sa\u00fade. A maioria das suspeitas \u00e9 de S\u00e3o Paulo, com 136 casos. At\u00e9 ontem, havia 207 pacientes com suspeita de infe\u00e7\u00e3o pelo novo coronav\u00edrus [&hellip;]<\/p>\n","protected":false},"author":96,"featured_media":156077,"comment_status":"closed","ping_status":"closed","sticky":false,"template":"","format":"standard","meta":{"footnotes":""},"categories":[302,436,439],"tags":[],"class_list":["post-156076","post","type-post","status-publish","format-standard","has-post-thumbnail","hentry","category-brasil-mundo","category-destaque-da-semana","category-ultima-hora"],"_links":{"self":[{"href":"https:\/\/diarioregionaldigital.com.br\/index.php?rest_route=\/wp\/v2\/posts\/156076","targetHints":{"allow":["GET"]}}],"collection":[{"href":"https:\/\/diarioregionaldigital.com.br\/index.php?rest_route=\/wp\/v2\/posts"}],"about":[{"href":"https:\/\/diarioregionaldigital.com.br\/index.php?rest_route=\/wp\/v2\/types\/post"}],"author":[{"embeddable":true,"href":"https:\/\/diarioregionaldigital.com.br\/index.php?rest_route=\/wp\/v2\/users\/96"}],"replies":[{"embeddable":true,"href":"https:\/\/diarioregionaldigital.com.br\/index.php?rest_route=%2Fwp%2Fv2%2Fcomments&post=156076"}],"version-history":[{"count":0,"href":"https:\/\/diarioregionaldigital.com.br\/index.php?rest_route=\/wp\/v2\/posts\/156076\/revisions"}],"wp:featuredmedia":[{"embeddable":true,"href":"https:\/\/diarioregionaldigital.com.br\/index.php?rest_route=\/wp\/v2\/media\/156077"}],"wp:attachment":[{"href":"https:\/\/diarioregionaldigital.com.br\/index.php?rest_route=%2Fwp%2Fv2%2Fmedia&parent=156076"}],"wp:term":[{"taxonomy":"category","embeddable":true,"href":"https:\/\/diarioregionaldigital.com.br\/index.php?rest_route=%2Fwp%2Fv2%2Fcategories&post=156076"},{"taxonomy":"post_tag","embeddable":true,"href":"https:\/\/diarioregionaldigital.com.br\/index.php?rest_route=%2Fwp%2Fv2%2Ftags&post=156076"}],"curies":[{"name":"wp","href":"https:\/\/api.w.org\/{rel}","templated":true}]}}