{"id":156066,"date":"2020-03-02T14:27:44","date_gmt":"2020-03-02T17:27:44","guid":{"rendered":"https:\/\/diarioregionaldigital.com.br\/?p=156066"},"modified":"2020-03-02T14:27:44","modified_gmt":"2020-03-02T17:27:44","slug":"receita-comeca-a-receber-nesta-segunda-declaracoes-do-imposto-de-renda","status":"publish","type":"post","link":"https:\/\/diarioregionaldigital.com.br\/?p=156066","title":{"rendered":"Receita come\u00e7a a receber nesta segunda declara\u00e7\u00f5es do Imposto de Renda"},"content":{"rendered":"<p>O prazo para entrega da declara\u00e7\u00e3o do Imposto de Renda Pessoa F\u00edsica (IRPF) 2020 come\u00e7ou nessa segunda-feira (2),\u00a0 e termina \u00e0s 23h59min59s de 30 de abril. As pessoas que entregam a declara\u00e7\u00e3o no in\u00edcio do prazo t\u00eam prioridade para receber a restitui\u00e7\u00e3o, caso n\u00e3o a preencham com erros ou omiss\u00f5es. Na mesma situa\u00e7\u00e3o, est\u00e3o inclu\u00eddas pessoas com mais de 60 anos, portadoras de mol\u00e9stia grave ou com defici\u00eancia f\u00edsica ou mental.<\/p>\n<p>Este ano, cerca de 32 milh\u00f5es de contribuintes devem prestar contas ao Fisco. A multa por atraso de entrega \u00e9 estipulada em 1% ao m\u00eas-calend\u00e1rio at\u00e9 20%. O valor m\u00ednimo \u00e9 R$ 165,74. As novidades para a entrega da declara\u00e7\u00e3o neste ano est\u00e3o dispon\u00edveis na p\u00e1gina da Receita.<\/p>\n<p>Entre as principais mudan\u00e7as, est\u00e3o a antecipa\u00e7\u00e3o no cronograma de restitui\u00e7\u00e3o, cujo pagamento come\u00e7ar\u00e1 no fim de maio e terminar\u00e1 no fim de setembro e o fim da dedu\u00e7\u00e3o da contribui\u00e7\u00e3o para a Previd\u00eancia Social dos trabalhadores dom\u00e9sticos.<\/p>\n<p>Pela primeira vez, os contribuintes com certifica\u00e7\u00e3o digital receber\u00e3o a declara\u00e7\u00e3o pr\u00e9-preenchida no programa gerador. At\u00e9 agora, eles tinham de entrar no Centro Virtual de Atendimento da Receita (e-CAC), salvar o formul\u00e1rio pr\u00e9-preenchido no computador e importar o arquivo preencher a declara\u00e7\u00e3o. Neste ano, tamb\u00e9m est\u00e1 dispon\u00edvel a doa\u00e7\u00e3o, diretamente na declara\u00e7\u00e3o, de at\u00e9 3% do imposto devido para fundos de direito dos idosos.<\/p>\n<p><strong>Programa gerador<\/strong><\/p>\n<p>O programa gerador da declara\u00e7\u00e3o do Imposto de Renda no computador est\u00e1 dispon\u00edvel para <em>download<\/em> desde o dia 20 na p\u00e1gina da Receita na internet. Quem optar por dispositivos m\u00f3veis, como <em>tablets <\/em>ou <em>smartphones<\/em>, poder\u00e1 baixar o aplicativo Meu Imposto de Renda nas lojas Google Play, para o sistema operacional Android, e App Store, para o sistema operacional iOS.<\/p>\n<p>Entre os obrigados a declarar est\u00e3o os contribuintes que receberam, em 2019, rendimentos tribut\u00e1veis superiores a R$ 28.559,70, rendimentos de atividades rurais acima de R$ 142.798,50 ou rendimentos isentos \u2013 n\u00e3o tribut\u00e1veis ou tributados somente na fonte \u2013, cuja soma seja superior a R$ 40 mil.<\/p>\n<p>Tamb\u00e9m deve declarar quem recebeu, em qualquer m\u00eas, ganho de capital na aliena\u00e7\u00e3o de bens ou direitos sujeito \u00e0 incid\u00eancia de imposto, realizou opera\u00e7\u00f5es em bolsas de valores, de mercadorias e futuros e tem patrim\u00f4nio de mais de R$ 300 mil.<\/p>\n<p>&nbsp;<\/p>\n<p><strong>Fonte:\u00a0<\/strong>Ag\u00eancia Brasil<\/p>\n","protected":false},"excerpt":{"rendered":"<p>O prazo para entrega da declara\u00e7\u00e3o do Imposto de Renda Pessoa F\u00edsica (IRPF) 2020 come\u00e7ou nessa segunda-feira (2),\u00a0 e termina \u00e0s 23h59min59s de 30 de abril. As pessoas que entregam a declara\u00e7\u00e3o no in\u00edcio do prazo t\u00eam prioridade para receber a restitui\u00e7\u00e3o, caso n\u00e3o a preencham com erros ou omiss\u00f5es. Na mesma situa\u00e7\u00e3o, est\u00e3o inclu\u00eddas [&hellip;]<\/p>\n","protected":false},"author":96,"featured_media":156067,"comment_status":"closed","ping_status":"closed","sticky":false,"template":"","format":"standard","meta":{"footnotes":""},"categories":[436,440,261,439],"tags":[],"class_list":["post-156066","post","type-post","status-publish","format-standard","has-post-thumbnail","hentry","category-destaque-da-semana","category-destaques-do-dia","category-economia","category-ultima-hora"],"_links":{"self":[{"href":"https:\/\/diarioregionaldigital.com.br\/index.php?rest_route=\/wp\/v2\/posts\/156066","targetHints":{"allow":["GET"]}}],"collection":[{"href":"https:\/\/diarioregionaldigital.com.br\/index.php?rest_route=\/wp\/v2\/posts"}],"about":[{"href":"https:\/\/diarioregionaldigital.com.br\/index.php?rest_route=\/wp\/v2\/types\/post"}],"author":[{"embeddable":true,"href":"https:\/\/diarioregionaldigital.com.br\/index.php?rest_route=\/wp\/v2\/users\/96"}],"replies":[{"embeddable":true,"href":"https:\/\/diarioregionaldigital.com.br\/index.php?rest_route=%2Fwp%2Fv2%2Fcomments&post=156066"}],"version-history":[{"count":0,"href":"https:\/\/diarioregionaldigital.com.br\/index.php?rest_route=\/wp\/v2\/posts\/156066\/revisions"}],"wp:featuredmedia":[{"embeddable":true,"href":"https:\/\/diarioregionaldigital.com.br\/index.php?rest_route=\/wp\/v2\/media\/156067"}],"wp:attachment":[{"href":"https:\/\/diarioregionaldigital.com.br\/index.php?rest_route=%2Fwp%2Fv2%2Fmedia&parent=156066"}],"wp:term":[{"taxonomy":"category","embeddable":true,"href":"https:\/\/diarioregionaldigital.com.br\/index.php?rest_route=%2Fwp%2Fv2%2Fcategories&post=156066"},{"taxonomy":"post_tag","embeddable":true,"href":"https:\/\/diarioregionaldigital.com.br\/index.php?rest_route=%2Fwp%2Fv2%2Ftags&post=156066"}],"curies":[{"name":"wp","href":"https:\/\/api.w.org\/{rel}","templated":true}]}}