{"id":156061,"date":"2020-03-02T14:18:11","date_gmt":"2020-03-02T17:18:11","guid":{"rendered":"https:\/\/diarioregionaldigital.com.br\/?p=156061"},"modified":"2020-03-02T14:18:11","modified_gmt":"2020-03-02T17:18:11","slug":"dois-individuos-sao-presos-por-roubar-celular-no-bairro-jardim-gloria","status":"publish","type":"post","link":"https:\/\/diarioregionaldigital.com.br\/?p=156061","title":{"rendered":"Dois indiv\u00edduos s\u00e3o presos por roubar celular no Bairro Jardim Gl\u00f3ria"},"content":{"rendered":"<p><span style=\"font-weight: 400;\">A Pol\u00edcia Militar (PM), prendeu nesse domingo (1), dois indiv\u00edduos, sem idades informadas, por roubo de um telefone celular no Bairro Jardim Gl\u00f3ria (Regi\u00e3o Central) em Juiz de Fora. Segundo informa\u00e7\u00f5es, a PM recebeu den\u00fancia do roubo e iniciou patrulhamento pelo local, obtendo \u00eaxito em localizar o primeiro suspeito. Este estava com posse do celular roubado e usava uma faca de cabo preto com l\u00e2mina de 20 cent\u00edmetros.<\/span><\/p>\n<p><span style=\"font-weight: 400;\">Dando continua\u00e7\u00e3o \u00e0s dilig\u00eancias, a PM foi em busca do segundo suspeito e o mesmo foi encontrado dentro da Igreja Universal no Bairro Mariano Proc\u00f3pio (Regi\u00e3o Central).<\/span><\/p>\n<p><span style=\"font-weight: 400;\">Os dois autores foram presos e encaminhados para a Delegacia, onde ser\u00e3o tomadas as devidas provid\u00eancias, junto com os materiais apreendidos. <\/span><\/p>\n","protected":false},"excerpt":{"rendered":"<p>A Pol\u00edcia Militar (PM), prendeu nesse domingo (1), dois indiv\u00edduos, sem idades informadas, por roubo de um telefone celular no Bairro Jardim Gl\u00f3ria (Regi\u00e3o Central) em Juiz de Fora. Segundo informa\u00e7\u00f5es, a PM recebeu den\u00fancia do roubo e iniciou patrulhamento pelo local, obtendo \u00eaxito em localizar o primeiro suspeito. Este estava com posse do celular [&hellip;]<\/p>\n","protected":false},"author":96,"featured_media":97342,"comment_status":"closed","ping_status":"closed","sticky":false,"template":"","format":"standard","meta":{"footnotes":""},"categories":[301,436,439],"tags":[],"class_list":["post-156061","post","type-post","status-publish","format-standard","has-post-thumbnail","hentry","category-artigos-policiais","category-destaque-da-semana","category-ultima-hora"],"_links":{"self":[{"href":"https:\/\/diarioregionaldigital.com.br\/index.php?rest_route=\/wp\/v2\/posts\/156061","targetHints":{"allow":["GET"]}}],"collection":[{"href":"https:\/\/diarioregionaldigital.com.br\/index.php?rest_route=\/wp\/v2\/posts"}],"about":[{"href":"https:\/\/diarioregionaldigital.com.br\/index.php?rest_route=\/wp\/v2\/types\/post"}],"author":[{"embeddable":true,"href":"https:\/\/diarioregionaldigital.com.br\/index.php?rest_route=\/wp\/v2\/users\/96"}],"replies":[{"embeddable":true,"href":"https:\/\/diarioregionaldigital.com.br\/index.php?rest_route=%2Fwp%2Fv2%2Fcomments&post=156061"}],"version-history":[{"count":0,"href":"https:\/\/diarioregionaldigital.com.br\/index.php?rest_route=\/wp\/v2\/posts\/156061\/revisions"}],"wp:featuredmedia":[{"embeddable":true,"href":"https:\/\/diarioregionaldigital.com.br\/index.php?rest_route=\/wp\/v2\/media\/97342"}],"wp:attachment":[{"href":"https:\/\/diarioregionaldigital.com.br\/index.php?rest_route=%2Fwp%2Fv2%2Fmedia&parent=156061"}],"wp:term":[{"taxonomy":"category","embeddable":true,"href":"https:\/\/diarioregionaldigital.com.br\/index.php?rest_route=%2Fwp%2Fv2%2Fcategories&post=156061"},{"taxonomy":"post_tag","embeddable":true,"href":"https:\/\/diarioregionaldigital.com.br\/index.php?rest_route=%2Fwp%2Fv2%2Ftags&post=156061"}],"curies":[{"name":"wp","href":"https:\/\/api.w.org\/{rel}","templated":true}]}}