{"id":156058,"date":"2020-03-02T14:04:38","date_gmt":"2020-03-02T17:04:38","guid":{"rendered":"https:\/\/diarioregionaldigital.com.br\/?p=156058"},"modified":"2020-03-02T14:04:38","modified_gmt":"2020-03-02T17:04:38","slug":"policia-militar-apreende-arma-de-fogo-no-bairro-recanto-das-pedras","status":"publish","type":"post","link":"https:\/\/diarioregionaldigital.com.br\/?p=156058","title":{"rendered":"Pol\u00edcia Militar apreende arma de fogo no Bairro Recanto das Pedras"},"content":{"rendered":"<p><span style=\"font-weight: 400;\">Durante a Opera\u00e7\u00e3o Batida Policial, a Pol\u00edcia Militar (PM), apreendeu uma submetralhadora e muni\u00e7\u00f5es, no Bairro Recanto das Pedras (Regi\u00e3o Leste) nesse s\u00e1bado (29) em Juiz de Fora. Segundo informa\u00e7\u00f5es da PM, as equipes receberam den\u00fancia de um indiv\u00edduo com posse da submetralhadora.\u00a0<\/span><\/p>\n<p><span style=\"font-weight: 400;\">Ao chegar no local, os policiais realizaram rastreamento em busca do suspeito e o encontraram em uma via p\u00fablica. Ap\u00f3s localizar o autor, a PM prosseguiu com as dilig\u00eancias e foram at\u00e9 a resid\u00eancia dele, onde encontraram a submetralhadora e 5 muni\u00e7\u00f5es calibre .38. O autor foi preso e encaminhado junto com os materiais apreendidos para a Delegacia, onde ser\u00e3o tomadas as devidas provid\u00eancias.<\/span><\/p>\n","protected":false},"excerpt":{"rendered":"<p>Durante a Opera\u00e7\u00e3o Batida Policial, a Pol\u00edcia Militar (PM), apreendeu uma submetralhadora e muni\u00e7\u00f5es, no Bairro Recanto das Pedras (Regi\u00e3o Leste) nesse s\u00e1bado (29) em Juiz de Fora. Segundo informa\u00e7\u00f5es da PM, as equipes receberam den\u00fancia de um indiv\u00edduo com posse da submetralhadora.\u00a0 Ao chegar no local, os policiais realizaram rastreamento em busca do suspeito [&hellip;]<\/p>\n","protected":false},"author":96,"featured_media":156059,"comment_status":"closed","ping_status":"closed","sticky":false,"template":"","format":"standard","meta":{"footnotes":""},"categories":[301,436,440,439],"tags":[],"class_list":["post-156058","post","type-post","status-publish","format-standard","has-post-thumbnail","hentry","category-artigos-policiais","category-destaque-da-semana","category-destaques-do-dia","category-ultima-hora"],"_links":{"self":[{"href":"https:\/\/diarioregionaldigital.com.br\/index.php?rest_route=\/wp\/v2\/posts\/156058","targetHints":{"allow":["GET"]}}],"collection":[{"href":"https:\/\/diarioregionaldigital.com.br\/index.php?rest_route=\/wp\/v2\/posts"}],"about":[{"href":"https:\/\/diarioregionaldigital.com.br\/index.php?rest_route=\/wp\/v2\/types\/post"}],"author":[{"embeddable":true,"href":"https:\/\/diarioregionaldigital.com.br\/index.php?rest_route=\/wp\/v2\/users\/96"}],"replies":[{"embeddable":true,"href":"https:\/\/diarioregionaldigital.com.br\/index.php?rest_route=%2Fwp%2Fv2%2Fcomments&post=156058"}],"version-history":[{"count":0,"href":"https:\/\/diarioregionaldigital.com.br\/index.php?rest_route=\/wp\/v2\/posts\/156058\/revisions"}],"wp:featuredmedia":[{"embeddable":true,"href":"https:\/\/diarioregionaldigital.com.br\/index.php?rest_route=\/wp\/v2\/media\/156059"}],"wp:attachment":[{"href":"https:\/\/diarioregionaldigital.com.br\/index.php?rest_route=%2Fwp%2Fv2%2Fmedia&parent=156058"}],"wp:term":[{"taxonomy":"category","embeddable":true,"href":"https:\/\/diarioregionaldigital.com.br\/index.php?rest_route=%2Fwp%2Fv2%2Fcategories&post=156058"},{"taxonomy":"post_tag","embeddable":true,"href":"https:\/\/diarioregionaldigital.com.br\/index.php?rest_route=%2Fwp%2Fv2%2Ftags&post=156058"}],"curies":[{"name":"wp","href":"https:\/\/api.w.org\/{rel}","templated":true}]}}