{"id":156054,"date":"2020-03-02T11:34:11","date_gmt":"2020-03-02T14:34:11","guid":{"rendered":"https:\/\/diarioregionaldigital.com.br\/?p=156054"},"modified":"2020-03-02T11:34:27","modified_gmt":"2020-03-02T14:34:27","slug":"termina-hoje-prazo-para-pre-selecionados-no-fies-complementarem-dados","status":"publish","type":"post","link":"https:\/\/diarioregionaldigital.com.br\/?p=156054","title":{"rendered":"Termina hoje prazo para pr\u00e9-selecionados no Fies complementarem dados"},"content":{"rendered":"<p>Termina nesta segunda-feira (2) o prazo para os candidatos pr\u00e9-selecionados na chamada \u00fanica do Fundo de Financiamento Estudantil (Fies) complementarem as informa\u00e7\u00f5es da inscri\u00e7\u00e3o. O procedimento deve ser feito pelo\u00a0<em>site<\/em>\u00a0do programa. S\u00e3o cobrados os dados banc\u00e1rios do estudante, do fiador e do seguro para pagamento da d\u00edvida em caso de morte.<\/p>\n<p>As informa\u00e7\u00f5es ser\u00e3o validadas pela institui\u00e7\u00e3o de ensino, que pode solicitar mais documentos. Ap\u00f3s esse processo, o estudante j\u00e1 pode comparecer \u00e0 ag\u00eancia da Caixa Econ\u00f4mica Federal e formalizar a contrata\u00e7\u00e3o do financiamento.<\/p>\n<p>Os candidatos n\u00e3o pr\u00e9-selecionados foram automaticamente inclu\u00eddos na lista de espera e devem acompanhar sua eventual pr\u00e9-sele\u00e7\u00e3o entre 28 de fevereiro e 31 de mar\u00e7o, na p\u00e1gina do Fies.<\/p>\n<p><strong>Resultado<\/strong><\/p>\n<p>O Minist\u00e9rio da Educa\u00e7\u00e3o (MEC) divulgou,\u00a0na quarta-feira (26),\u00a0o resultado do processo seletivo, para o primeiro semestre de 2020, do Fies e do Programa de Financiamento Estudantil (P-Fies). Neste semestre, o programa vai oferecer 70 mil vagas para financiamento estudantil em institui\u00e7\u00f5es privadas de ensino superior.<\/p>\n<p>Os pr\u00e9-selecionados na modalidade P-Fies dever\u00e3o ir pessoalmente \u00e0 institui\u00e7\u00e3o de ensino para valida\u00e7\u00e3o das informa\u00e7\u00f5es de sua inscri\u00e7\u00e3o e contrata\u00e7\u00e3o do financiamento. No P-Fies n\u00e3o existe a etapa de lista de espera.<\/p>\n<p>O programa do MEC est\u00e1 dividido em duas modalidades, o Fies a juros zero para quem tem renda familiar de at\u00e9 tr\u00eas sal\u00e1rios m\u00ednimos por pessoa e o P-Fies para aqueles com renda familiar per capita de at\u00e9 cinco sal\u00e1rios m\u00ednimos, com juros que variam de acordo com o banco e a institui\u00e7\u00e3o de ensino. Essa \u00faltima modalidade funciona com recursos dos fundos constitucionais e dos bancos privados participantes.<\/p>\n<p>&nbsp;<\/p>\n<p><strong>Fonte:<\/strong>\u00a0Ag\u00eancia Brasil<\/p>\n","protected":false},"excerpt":{"rendered":"<p>Termina nesta segunda-feira (2) o prazo para os candidatos pr\u00e9-selecionados na chamada \u00fanica do Fundo de Financiamento Estudantil (Fies) complementarem as informa\u00e7\u00f5es da inscri\u00e7\u00e3o. O procedimento deve ser feito pelo\u00a0site\u00a0do programa. S\u00e3o cobrados os dados banc\u00e1rios do estudante, do fiador e do seguro para pagamento da d\u00edvida em caso de morte. As informa\u00e7\u00f5es ser\u00e3o validadas [&hellip;]<\/p>\n","protected":false},"author":96,"featured_media":156055,"comment_status":"closed","ping_status":"closed","sticky":false,"template":"","format":"standard","meta":{"footnotes":""},"categories":[302,436,440,439],"tags":[],"class_list":["post-156054","post","type-post","status-publish","format-standard","has-post-thumbnail","hentry","category-brasil-mundo","category-destaque-da-semana","category-destaques-do-dia","category-ultima-hora"],"_links":{"self":[{"href":"https:\/\/diarioregionaldigital.com.br\/index.php?rest_route=\/wp\/v2\/posts\/156054","targetHints":{"allow":["GET"]}}],"collection":[{"href":"https:\/\/diarioregionaldigital.com.br\/index.php?rest_route=\/wp\/v2\/posts"}],"about":[{"href":"https:\/\/diarioregionaldigital.com.br\/index.php?rest_route=\/wp\/v2\/types\/post"}],"author":[{"embeddable":true,"href":"https:\/\/diarioregionaldigital.com.br\/index.php?rest_route=\/wp\/v2\/users\/96"}],"replies":[{"embeddable":true,"href":"https:\/\/diarioregionaldigital.com.br\/index.php?rest_route=%2Fwp%2Fv2%2Fcomments&post=156054"}],"version-history":[{"count":0,"href":"https:\/\/diarioregionaldigital.com.br\/index.php?rest_route=\/wp\/v2\/posts\/156054\/revisions"}],"wp:featuredmedia":[{"embeddable":true,"href":"https:\/\/diarioregionaldigital.com.br\/index.php?rest_route=\/wp\/v2\/media\/156055"}],"wp:attachment":[{"href":"https:\/\/diarioregionaldigital.com.br\/index.php?rest_route=%2Fwp%2Fv2%2Fmedia&parent=156054"}],"wp:term":[{"taxonomy":"category","embeddable":true,"href":"https:\/\/diarioregionaldigital.com.br\/index.php?rest_route=%2Fwp%2Fv2%2Fcategories&post=156054"},{"taxonomy":"post_tag","embeddable":true,"href":"https:\/\/diarioregionaldigital.com.br\/index.php?rest_route=%2Fwp%2Fv2%2Ftags&post=156054"}],"curies":[{"name":"wp","href":"https:\/\/api.w.org\/{rel}","templated":true}]}}