{"id":156041,"date":"2020-03-01T06:00:15","date_gmt":"2020-03-01T09:00:15","guid":{"rendered":"https:\/\/diarioregionaldigital.com.br\/?p=156041"},"modified":"2020-02-29T20:01:56","modified_gmt":"2020-02-29T23:01:56","slug":"pinturas-e-imagens","status":"publish","type":"post","link":"https:\/\/diarioregionaldigital.com.br\/?p=156041","title":{"rendered":"Pinturas e Imagens"},"content":{"rendered":"<p style=\"text-align: center;\"><strong>Decora\u00e7\u00e3o<\/strong><\/p>\n<p style=\"text-align: center;\">Personagens de festas chiques em Juiz de Fora na arte de decora\u00e7\u00e3o Lu Mendes e Toninho Aleixo, que recentemente abriram a Larmonie no Alto dos Passos, estiveram em S\u00e3o Paulo participando da ABCasaFair, deslumbrante feira direcionada para os profissionais do setor de decora\u00e7\u00e3o, festas e flores. Agora, eles est\u00e3o na Europa para merecido descanso<\/p>\n<p style=\"text-align: center;\"><strong>Planeta \u00c1gua<\/strong><\/p>\n<p style=\"text-align: center;\">Em boa hora a C\u00e2mara Municipal de Juiz de Fora aprovou, em segundo turno, o tombamento da Represa de S\u00e3o Pedro, tamb\u00e9m conhecida como Represa dos Ingleses ou Cruzeiro de Santo Ant\u00f4nio e seus mananciais. Assim, a \u00e1rea passa a ser reconhecida por seus aspectos paisag\u00edsticos e naturais. O projeto \u00e9 de autoria do vereador Juraci Scheffer (PT).<\/p>\n<p style=\"text-align: center;\"><strong>Miss Brasil<\/strong><\/p>\n<p style=\"text-align: center;\">A bel\u00edssima Miss Brasil 2019, J\u00falia Horta, est\u00e1 com tudo e n\u00e3o est\u00e1 prosa. Ela vai assinar o pref\u00e1cio da colet\u00e2nea de contos \u201cDona de mim\u201d, que vai sair pela Editora Paratexto. O livro abordar\u00e1 a tem\u00e1tica do feminismo, sororidade, lideran\u00e7a e empoderamento. Escritoras interessadas em participar da obra t\u00eam at\u00e9 o dia 8 de mar\u00e7o para se inscrever pelo site www.editoraparatexto.com.br.<\/p>\n<p style=\"text-align: center;\"><span style=\"font-size: 14pt;\"><strong>Pinturas e Imagens<\/strong><\/span><\/p>\n<p style=\"text-align: center;\">O professor psic\u00f3logo e artista pl\u00e1stico Fred Alvim inaugurou mostra com o tema \u201cMatriarcas\u201d, no Carrue Caf\u00e9s Especiais, no 2\u00ba piso do Mister Shopping. S\u00e3o 7 telas que evidenciam o talento sens\u00edvel do artista, em momento \u00fanico. As fotos registram presen\u00e7as especiais.<\/p>\n<div id=\"attachment_156042\" style=\"width: 690px\" class=\"wp-caption aligncenter\"><img loading=\"lazy\" decoding=\"async\" aria-describedby=\"caption-attachment-156042\" class=\"wp-image-156042\" src=\"https:\/\/diarioregionaldigital.com.br\/wp-content\/uploads\/Foto-A-e1583016259375.jpg\" alt=\"\" width=\"680\" height=\"501\" srcset=\"https:\/\/diarioregionaldigital.com.br\/wp-content\/uploads\/Foto-A-e1583016259375.jpg 395w, https:\/\/diarioregionaldigital.com.br\/wp-content\/uploads\/Foto-A-e1583016259375-300x221.jpg 300w, https:\/\/diarioregionaldigital.com.br\/wp-content\/uploads\/Foto-A-e1583016259375-360x265.jpg 360w\" sizes=\"auto, (max-width: 680px) 100vw, 680px\" \/><p id=\"caption-attachment-156042\" class=\"wp-caption-text\">Wendel Amorim, Amanda Ferraz, Fred Alvim, Maria Isabel Alvim e Cida Macedo<\/p><\/div>\n<div id=\"attachment_156043\" style=\"width: 690px\" class=\"wp-caption aligncenter\"><img loading=\"lazy\" decoding=\"async\" aria-describedby=\"caption-attachment-156043\" class=\"wp-image-156043\" src=\"https:\/\/diarioregionaldigital.com.br\/wp-content\/uploads\/Foto-B-1-e1583016304350.jpg\" alt=\"\" width=\"680\" height=\"519\" srcset=\"https:\/\/diarioregionaldigital.com.br\/wp-content\/uploads\/Foto-B-1-e1583016304350.jpg 397w, https:\/\/diarioregionaldigital.com.br\/wp-content\/uploads\/Foto-B-1-e1583016304350-300x229.jpg 300w, https:\/\/diarioregionaldigital.com.br\/wp-content\/uploads\/Foto-B-1-e1583016304350-360x275.jpg 360w\" sizes=\"auto, (max-width: 680px) 100vw, 680px\" \/><p id=\"caption-attachment-156043\" class=\"wp-caption-text\">Fred Alvim e Eduardo Gomes<\/p><\/div>\n<div id=\"attachment_156044\" style=\"width: 690px\" class=\"wp-caption aligncenter\"><img loading=\"lazy\" decoding=\"async\" aria-describedby=\"caption-attachment-156044\" class=\"wp-image-156044\" src=\"https:\/\/diarioregionaldigital.com.br\/wp-content\/uploads\/Foto-C-1-e1583016342926.jpg\" alt=\"\" width=\"680\" height=\"529\" srcset=\"https:\/\/diarioregionaldigital.com.br\/wp-content\/uploads\/Foto-C-1-e1583016342926.jpg 352w, https:\/\/diarioregionaldigital.com.br\/wp-content\/uploads\/Foto-C-1-e1583016342926-300x234.jpg 300w\" sizes=\"auto, (max-width: 680px) 100vw, 680px\" \/><p id=\"caption-attachment-156044\" class=\"wp-caption-text\">Fred Alvim e Eduardo Novaes<\/p><\/div>\n<div id=\"attachment_156045\" style=\"width: 690px\" class=\"wp-caption aligncenter\"><img loading=\"lazy\" decoding=\"async\" aria-describedby=\"caption-attachment-156045\" class=\"wp-image-156045\" src=\"https:\/\/diarioregionaldigital.com.br\/wp-content\/uploads\/Foto-D-1-e1583016371220.jpg\" alt=\"\" width=\"680\" height=\"524\" srcset=\"https:\/\/diarioregionaldigital.com.br\/wp-content\/uploads\/Foto-D-1-e1583016371220.jpg 774w, https:\/\/diarioregionaldigital.com.br\/wp-content\/uploads\/Foto-D-1-e1583016371220-300x231.jpg 300w, https:\/\/diarioregionaldigital.com.br\/wp-content\/uploads\/Foto-D-1-e1583016371220-768x592.jpg 768w, https:\/\/diarioregionaldigital.com.br\/wp-content\/uploads\/Foto-D-1-e1583016371220-360x278.jpg 360w\" sizes=\"auto, (max-width: 680px) 100vw, 680px\" \/><p id=\"caption-attachment-156045\" class=\"wp-caption-text\">Maria Isabel Alvim, Fred Alvim e Cida Macedo<\/p><\/div>\n<div id=\"attachment_156047\" style=\"width: 690px\" class=\"wp-caption aligncenter\"><img loading=\"lazy\" decoding=\"async\" aria-describedby=\"caption-attachment-156047\" class=\"wp-image-156047\" src=\"https:\/\/diarioregionaldigital.com.br\/wp-content\/uploads\/Foto-F_Amanda-e1583016504939.jpg\" alt=\"\" width=\"680\" height=\"517\" srcset=\"https:\/\/diarioregionaldigital.com.br\/wp-content\/uploads\/Foto-F_Amanda-e1583016504939.jpg 798w, https:\/\/diarioregionaldigital.com.br\/wp-content\/uploads\/Foto-F_Amanda-e1583016504939-300x228.jpg 300w, https:\/\/diarioregionaldigital.com.br\/wp-content\/uploads\/Foto-F_Amanda-e1583016504939-768x584.jpg 768w, https:\/\/diarioregionaldigital.com.br\/wp-content\/uploads\/Foto-F_Amanda-e1583016504939-360x274.jpg 360w\" sizes=\"auto, (max-width: 680px) 100vw, 680px\" \/><p id=\"caption-attachment-156047\" class=\"wp-caption-text\">Amanda Ferraz, Fred Alvim e Wendel Amorim<\/p><\/div>\n<div id=\"attachment_156046\" style=\"width: 690px\" class=\"wp-caption aligncenter\"><img loading=\"lazy\" decoding=\"async\" aria-describedby=\"caption-attachment-156046\" class=\"wp-image-156046\" src=\"https:\/\/diarioregionaldigital.com.br\/wp-content\/uploads\/Foto-F-e1583016423385.jpg\" alt=\"\" width=\"680\" height=\"562\" srcset=\"https:\/\/diarioregionaldigital.com.br\/wp-content\/uploads\/Foto-F-e1583016423385.jpg 719w, https:\/\/diarioregionaldigital.com.br\/wp-content\/uploads\/Foto-F-e1583016423385-300x248.jpg 300w, https:\/\/diarioregionaldigital.com.br\/wp-content\/uploads\/Foto-F-e1583016423385-360x297.jpg 360w\" sizes=\"auto, (max-width: 680px) 100vw, 680px\" \/><p id=\"caption-attachment-156046\" class=\"wp-caption-text\">Jean Lucas Gon\u00e7alves em momento descontra\u00eddo do ver\u00e3o no Alameda Shopping<\/p><\/div>\n<div id=\"attachment_156048\" style=\"width: 690px\" class=\"wp-caption aligncenter\"><img loading=\"lazy\" decoding=\"async\" aria-describedby=\"caption-attachment-156048\" class=\"wp-image-156048\" src=\"https:\/\/diarioregionaldigital.com.br\/wp-content\/uploads\/Foto-G-e1583016527788.jpg\" alt=\"\" width=\"680\" height=\"541\" srcset=\"https:\/\/diarioregionaldigital.com.br\/wp-content\/uploads\/Foto-G-e1583016527788.jpg 386w, https:\/\/diarioregionaldigital.com.br\/wp-content\/uploads\/Foto-G-e1583016527788-300x239.jpg 300w, https:\/\/diarioregionaldigital.com.br\/wp-content\/uploads\/Foto-G-e1583016527788-360x286.jpg 360w\" sizes=\"auto, (max-width: 680px) 100vw, 680px\" \/><p id=\"caption-attachment-156048\" class=\"wp-caption-text\">Soberana do Conecta na RCWTV, a bonita Renata Monteiro em tempo de business na Assunta<\/p><\/div>\n<p><img loading=\"lazy\" decoding=\"async\" class=\"aligncenter size-full wp-image-156036\" src=\"https:\/\/diarioregionaldigital.com.br\/wp-content\/uploads\/anuncio89.jpg\" alt=\"\" width=\"3480\" height=\"2044\" srcset=\"https:\/\/diarioregionaldigital.com.br\/wp-content\/uploads\/anuncio89.jpg 3480w, https:\/\/diarioregionaldigital.com.br\/wp-content\/uploads\/anuncio89-300x176.jpg 300w, https:\/\/diarioregionaldigital.com.br\/wp-content\/uploads\/anuncio89-768x451.jpg 768w, https:\/\/diarioregionaldigital.com.br\/wp-content\/uploads\/anuncio89-1024x601.jpg 1024w, https:\/\/diarioregionaldigital.com.br\/wp-content\/uploads\/anuncio89-360x211.jpg 360w\" sizes=\"auto, (max-width: 3480px) 100vw, 3480px\" \/><\/p>\n","protected":false},"excerpt":{"rendered":"<p>Decora\u00e7\u00e3o Personagens de festas chiques em Juiz de Fora na arte de decora\u00e7\u00e3o Lu Mendes e Toninho Aleixo, que recentemente abriram a Larmonie no Alto dos Passos, estiveram em S\u00e3o Paulo participando da ABCasaFair, deslumbrante feira direcionada para os profissionais do setor de decora\u00e7\u00e3o, festas e flores. Agora, eles est\u00e3o na Europa para merecido descanso [&hellip;]<\/p>\n","protected":false},"author":96,"featured_media":156052,"comment_status":"closed","ping_status":"closed","sticky":false,"template":"","format":"standard","meta":{"footnotes":""},"categories":[264],"tags":[],"class_list":["post-156041","post","type-post","status-publish","format-standard","has-post-thumbnail","hentry","category-eduardo-gomes"],"_links":{"self":[{"href":"https:\/\/diarioregionaldigital.com.br\/index.php?rest_route=\/wp\/v2\/posts\/156041","targetHints":{"allow":["GET"]}}],"collection":[{"href":"https:\/\/diarioregionaldigital.com.br\/index.php?rest_route=\/wp\/v2\/posts"}],"about":[{"href":"https:\/\/diarioregionaldigital.com.br\/index.php?rest_route=\/wp\/v2\/types\/post"}],"author":[{"embeddable":true,"href":"https:\/\/diarioregionaldigital.com.br\/index.php?rest_route=\/wp\/v2\/users\/96"}],"replies":[{"embeddable":true,"href":"https:\/\/diarioregionaldigital.com.br\/index.php?rest_route=%2Fwp%2Fv2%2Fcomments&post=156041"}],"version-history":[{"count":0,"href":"https:\/\/diarioregionaldigital.com.br\/index.php?rest_route=\/wp\/v2\/posts\/156041\/revisions"}],"wp:featuredmedia":[{"embeddable":true,"href":"https:\/\/diarioregionaldigital.com.br\/index.php?rest_route=\/wp\/v2\/media\/156052"}],"wp:attachment":[{"href":"https:\/\/diarioregionaldigital.com.br\/index.php?rest_route=%2Fwp%2Fv2%2Fmedia&parent=156041"}],"wp:term":[{"taxonomy":"category","embeddable":true,"href":"https:\/\/diarioregionaldigital.com.br\/index.php?rest_route=%2Fwp%2Fv2%2Fcategories&post=156041"},{"taxonomy":"post_tag","embeddable":true,"href":"https:\/\/diarioregionaldigital.com.br\/index.php?rest_route=%2Fwp%2Fv2%2Ftags&post=156041"}],"curies":[{"name":"wp","href":"https:\/\/api.w.org\/{rel}","templated":true}]}}