{"id":156035,"date":"2020-02-28T06:00:46","date_gmt":"2020-02-28T09:00:46","guid":{"rendered":"https:\/\/diarioregionaldigital.com.br\/?p=156035"},"modified":"2020-02-29T19:28:52","modified_gmt":"2020-02-29T22:28:52","slug":"talento-2020","status":"publish","type":"post","link":"https:\/\/diarioregionaldigital.com.br\/?p=156035","title":{"rendered":"Talento 2020"},"content":{"rendered":"<p style=\"text-align: center;\"><strong>Publica\u00e7\u00e3o<\/strong><\/p>\n<p style=\"text-align: center;\">Din\u00e2mico e atuante, o professor Marlon Alc\u00e2ntara, do N\u00facleo de F\u00edsica do IF Sudeste, teve artigo publicado na Science of Education, revista especializada no ensino de ci\u00eancias. O trabalho faz parte de uma colabora\u00e7\u00e3o internacional iniciada em 2016 com Charles Van Den Heuvel, professor da Universidade de Armsterd\u00e3 e pesquisador do Huygens ING &#8211; Armsterd\u00e3.<\/p>\n<p style=\"text-align: center;\"><strong>Sucesso<\/strong><\/p>\n<p style=\"text-align: center;\">Com tecnologia de ponta em alta, a plataforma usada pela gest\u00e3o da Santa Casa de Miseric\u00f3rdia de Juiz de Fora, pela quinta vez consecutiva com o Prontu\u00e1rio Eletr\u00f4nico de Paciente do Soul MV, foi reconhecido como o melhor da Am\u00e9rica Latina.<\/p>\n<p style=\"text-align: center;\"><strong>Talento 2020<\/strong><\/p>\n<p style=\"text-align: center;\">A competente jornalista juiz-forana Daniela Arbex lidera a vota\u00e7\u00e3o \u201conline\u201d do Trof\u00e9u Mulher Imprensa (categoria rep\u00f3rter investigativa) idealizado e promovido pela \u201cRevista e Portal Imprensa\u201d. A vota\u00e7\u00e3o segue at\u00e9 2 de mar\u00e7o e tem torcida deste colunista.<\/p>\n<p style=\"text-align: center;\"><span style=\"font-size: 14pt;\"><strong>Para Refletir<\/strong><\/span><\/p>\n<p style=\"text-align: center;\">\u201cA beleza n\u00e3o est\u00e1 nem na luz da manh\u00e3, nem na sombra da noite, est\u00e1 no crep\u00fasculo, nesse meio tom, nessa incerteza.\u201d (Lygia Fagundes Telles)<\/p>\n<div id=\"attachment_156026\" style=\"width: 690px\" class=\"wp-caption aligncenter\"><img loading=\"lazy\" decoding=\"async\" aria-describedby=\"caption-attachment-156026\" class=\"wp-image-156026\" src=\"https:\/\/diarioregionaldigital.com.br\/wp-content\/uploads\/fotoa-28-e1583012782170.jpg\" alt=\"\" width=\"680\" height=\"597\" srcset=\"https:\/\/diarioregionaldigital.com.br\/wp-content\/uploads\/fotoa-28-e1583012782170.jpg 776w, https:\/\/diarioregionaldigital.com.br\/wp-content\/uploads\/fotoa-28-e1583012782170-300x263.jpg 300w, https:\/\/diarioregionaldigital.com.br\/wp-content\/uploads\/fotoa-28-e1583012782170-768x674.jpg 768w, https:\/\/diarioregionaldigital.com.br\/wp-content\/uploads\/fotoa-28-e1583012782170-685x600.jpg 685w, https:\/\/diarioregionaldigital.com.br\/wp-content\/uploads\/fotoa-28-e1583012782170-360x316.jpg 360w\" sizes=\"auto, (max-width: 680px) 100vw, 680px\" \/><p id=\"caption-attachment-156026\" class=\"wp-caption-text\">Abrindo a sexta-feira, a bonita e elegante L\u00facia Legnani<\/p><\/div>\n<div id=\"attachment_156027\" style=\"width: 690px\" class=\"wp-caption aligncenter\"><img loading=\"lazy\" decoding=\"async\" aria-describedby=\"caption-attachment-156027\" class=\"wp-image-156027\" src=\"https:\/\/diarioregionaldigital.com.br\/wp-content\/uploads\/fotob-31-e1583012837103.jpg\" alt=\"\" width=\"680\" height=\"640\" srcset=\"https:\/\/diarioregionaldigital.com.br\/wp-content\/uploads\/fotob-31-e1583012837103.jpg 747w, https:\/\/diarioregionaldigital.com.br\/wp-content\/uploads\/fotob-31-e1583012837103-300x282.jpg 300w, https:\/\/diarioregionaldigital.com.br\/wp-content\/uploads\/fotob-31-e1583012837103-360x339.jpg 360w\" sizes=\"auto, (max-width: 680px) 100vw, 680px\" \/><p id=\"caption-attachment-156027\" class=\"wp-caption-text\">Gente feliz em Uberaba (MG), Maria de Lourdes Reis Costa com o filho maquiador Lisandro Reis<\/p><\/div>\n<div id=\"attachment_156028\" style=\"width: 690px\" class=\"wp-caption aligncenter\"><img loading=\"lazy\" decoding=\"async\" aria-describedby=\"caption-attachment-156028\" class=\"wp-image-156028\" src=\"https:\/\/diarioregionaldigital.com.br\/wp-content\/uploads\/fotoc-28-e1583012877503.jpg\" alt=\"\" width=\"680\" height=\"543\" srcset=\"https:\/\/diarioregionaldigital.com.br\/wp-content\/uploads\/fotoc-28-e1583012877503.jpg 780w, https:\/\/diarioregionaldigital.com.br\/wp-content\/uploads\/fotoc-28-e1583012877503-300x240.jpg 300w, https:\/\/diarioregionaldigital.com.br\/wp-content\/uploads\/fotoc-28-e1583012877503-768x613.jpg 768w, https:\/\/diarioregionaldigital.com.br\/wp-content\/uploads\/fotoc-28-e1583012877503-360x288.jpg 360w\" sizes=\"auto, (max-width: 680px) 100vw, 680px\" \/><p id=\"caption-attachment-156028\" class=\"wp-caption-text\">Mulheres talentosas e elegantes Val\u00e9ria Cruz e Alcione Marocolo<\/p><\/div>\n<div id=\"attachment_156029\" style=\"width: 690px\" class=\"wp-caption aligncenter\"><img loading=\"lazy\" decoding=\"async\" aria-describedby=\"caption-attachment-156029\" class=\"wp-image-156029\" src=\"https:\/\/diarioregionaldigital.com.br\/wp-content\/uploads\/fotod-28-e1583013107514.jpg\" alt=\"\" width=\"680\" height=\"478\" srcset=\"https:\/\/diarioregionaldigital.com.br\/wp-content\/uploads\/fotod-28-e1583013107514.jpg 981w, https:\/\/diarioregionaldigital.com.br\/wp-content\/uploads\/fotod-28-e1583013107514-300x210.jpg 300w, https:\/\/diarioregionaldigital.com.br\/wp-content\/uploads\/fotod-28-e1583013107514-768x539.jpg 768w, https:\/\/diarioregionaldigital.com.br\/wp-content\/uploads\/fotod-28-e1583013107514-360x253.jpg 360w, https:\/\/diarioregionaldigital.com.br\/wp-content\/uploads\/fotod-28-e1583013107514-100x70.jpg 100w\" sizes=\"auto, (max-width: 680px) 100vw, 680px\" \/><p id=\"caption-attachment-156029\" class=\"wp-caption-text\">Na noite chique do Trade Hotel, Eduardo Gomes, Gra\u00e7a Loures e Nequitz Miguel<\/p><\/div>\n<div id=\"attachment_156030\" style=\"width: 690px\" class=\"wp-caption aligncenter\"><img loading=\"lazy\" decoding=\"async\" aria-describedby=\"caption-attachment-156030\" class=\"wp-image-156030\" src=\"https:\/\/diarioregionaldigital.com.br\/wp-content\/uploads\/fotoe-26-e1583013134296.jpg\" alt=\"\" width=\"680\" height=\"495\" srcset=\"https:\/\/diarioregionaldigital.com.br\/wp-content\/uploads\/fotoe-26-e1583013134296.jpg 786w, https:\/\/diarioregionaldigital.com.br\/wp-content\/uploads\/fotoe-26-e1583013134296-300x218.jpg 300w, https:\/\/diarioregionaldigital.com.br\/wp-content\/uploads\/fotoe-26-e1583013134296-768x559.jpg 768w, https:\/\/diarioregionaldigital.com.br\/wp-content\/uploads\/fotoe-26-e1583013134296-360x262.jpg 360w\" sizes=\"auto, (max-width: 680px) 100vw, 680px\" \/><p id=\"caption-attachment-156030\" class=\"wp-caption-text\">Cabeleireiro de sucesso, Carlos Badico (Sal\u00e3o Ideali) posou com a bela Let\u00edcia Mota<\/p><\/div>\n<div id=\"attachment_156031\" style=\"width: 690px\" class=\"wp-caption aligncenter\"><img loading=\"lazy\" decoding=\"async\" aria-describedby=\"caption-attachment-156031\" class=\"wp-image-156031\" src=\"https:\/\/diarioregionaldigital.com.br\/wp-content\/uploads\/fotof-27-e1583013263176.jpg\" alt=\"\" width=\"680\" height=\"519\" srcset=\"https:\/\/diarioregionaldigital.com.br\/wp-content\/uploads\/fotof-27-e1583013263176.jpg 758w, https:\/\/diarioregionaldigital.com.br\/wp-content\/uploads\/fotof-27-e1583013263176-300x229.jpg 300w, https:\/\/diarioregionaldigital.com.br\/wp-content\/uploads\/fotof-27-e1583013263176-360x275.jpg 360w\" sizes=\"auto, (max-width: 680px) 100vw, 680px\" \/><p id=\"caption-attachment-156031\" class=\"wp-caption-text\">No anivers\u00e1rio do Clube C\u00edrculo Militar o elegante casal Geraldo Zola e Istela Melo<\/p><\/div>\n<div id=\"attachment_156032\" style=\"width: 690px\" class=\"wp-caption aligncenter\"><img loading=\"lazy\" decoding=\"async\" aria-describedby=\"caption-attachment-156032\" class=\"wp-image-156032\" src=\"https:\/\/diarioregionaldigital.com.br\/wp-content\/uploads\/fotog-25-e1583013308816.jpg\" alt=\"\" width=\"680\" height=\"479\" srcset=\"https:\/\/diarioregionaldigital.com.br\/wp-content\/uploads\/fotog-25-e1583013308816.jpg 1001w, https:\/\/diarioregionaldigital.com.br\/wp-content\/uploads\/fotog-25-e1583013308816-300x210.jpg 300w, https:\/\/diarioregionaldigital.com.br\/wp-content\/uploads\/fotog-25-e1583013308816-768x541.jpg 768w, https:\/\/diarioregionaldigital.com.br\/wp-content\/uploads\/fotog-25-e1583013308816-360x254.jpg 360w, https:\/\/diarioregionaldigital.com.br\/wp-content\/uploads\/fotog-25-e1583013308816-100x70.jpg 100w\" sizes=\"auto, (max-width: 680px) 100vw, 680px\" \/><p id=\"caption-attachment-156032\" class=\"wp-caption-text\">Ilustres visitando esta coluna, colunista Cesar Romero (TM), S\u00e9rgio F\u00e9lix (Sinteac), Jovino Campos (Bahamas) e Paulo Cesar Magela (TM)<\/p><\/div>\n<div id=\"attachment_156033\" style=\"width: 690px\" class=\"wp-caption aligncenter\"><img loading=\"lazy\" decoding=\"async\" aria-describedby=\"caption-attachment-156033\" class=\"wp-image-156033\" src=\"https:\/\/diarioregionaldigital.com.br\/wp-content\/uploads\/fotoh-20-e1583013416173.jpg\" alt=\"\" width=\"680\" height=\"475\" srcset=\"https:\/\/diarioregionaldigital.com.br\/wp-content\/uploads\/fotoh-20-e1583013416173.jpg 1140w, https:\/\/diarioregionaldigital.com.br\/wp-content\/uploads\/fotoh-20-e1583013416173-300x210.jpg 300w, https:\/\/diarioregionaldigital.com.br\/wp-content\/uploads\/fotoh-20-e1583013416173-768x536.jpg 768w, https:\/\/diarioregionaldigital.com.br\/wp-content\/uploads\/fotoh-20-e1583013416173-1024x715.jpg 1024w, https:\/\/diarioregionaldigital.com.br\/wp-content\/uploads\/fotoh-20-e1583013416173-360x251.jpg 360w, https:\/\/diarioregionaldigital.com.br\/wp-content\/uploads\/fotoh-20-e1583013416173-100x70.jpg 100w\" sizes=\"auto, (max-width: 680px) 100vw, 680px\" \/><p id=\"caption-attachment-156033\" class=\"wp-caption-text\">O lindo casal do momento, Ricardo Cabral e Lenise Pires Zotti<\/p><\/div>\n<div id=\"attachment_156034\" style=\"width: 690px\" class=\"wp-caption aligncenter\"><img loading=\"lazy\" decoding=\"async\" aria-describedby=\"caption-attachment-156034\" class=\"wp-image-156034\" src=\"https:\/\/diarioregionaldigital.com.br\/wp-content\/uploads\/fotoi-25-e1583013471925.jpg\" alt=\"\" width=\"680\" height=\"512\" srcset=\"https:\/\/diarioregionaldigital.com.br\/wp-content\/uploads\/fotoi-25-e1583013471925.jpg 708w, https:\/\/diarioregionaldigital.com.br\/wp-content\/uploads\/fotoi-25-e1583013471925-300x226.jpg 300w, https:\/\/diarioregionaldigital.com.br\/wp-content\/uploads\/fotoi-25-e1583013471925-360x271.jpg 360w\" sizes=\"auto, (max-width: 680px) 100vw, 680px\" \/><p id=\"caption-attachment-156034\" class=\"wp-caption-text\">Gente linda e chique, Marcos Reink, Carla Abreu e Sidnei Souza<\/p><\/div>\n<p><img loading=\"lazy\" decoding=\"async\" class=\"aligncenter size-full wp-image-156036\" src=\"https:\/\/diarioregionaldigital.com.br\/wp-content\/uploads\/anuncio89.jpg\" alt=\"\" width=\"3480\" height=\"2044\" srcset=\"https:\/\/diarioregionaldigital.com.br\/wp-content\/uploads\/anuncio89.jpg 3480w, https:\/\/diarioregionaldigital.com.br\/wp-content\/uploads\/anuncio89-300x176.jpg 300w, https:\/\/diarioregionaldigital.com.br\/wp-content\/uploads\/anuncio89-768x451.jpg 768w, https:\/\/diarioregionaldigital.com.br\/wp-content\/uploads\/anuncio89-1024x601.jpg 1024w, https:\/\/diarioregionaldigital.com.br\/wp-content\/uploads\/anuncio89-360x211.jpg 360w\" sizes=\"auto, (max-width: 3480px) 100vw, 3480px\" \/><\/p>\n<p>&nbsp;<\/p>\n<p>&nbsp;<\/p>\n","protected":false},"excerpt":{"rendered":"<p>Publica\u00e7\u00e3o Din\u00e2mico e atuante, o professor Marlon Alc\u00e2ntara, do N\u00facleo de F\u00edsica do IF Sudeste, teve artigo publicado na Science of Education, revista especializada no ensino de ci\u00eancias. O trabalho faz parte de uma colabora\u00e7\u00e3o internacional iniciada em 2016 com Charles Van Den Heuvel, professor da Universidade de Armsterd\u00e3 e pesquisador do Huygens ING &#8211; [&hellip;]<\/p>\n","protected":false},"author":96,"featured_media":156026,"comment_status":"closed","ping_status":"closed","sticky":false,"template":"","format":"standard","meta":{"footnotes":""},"categories":[264],"tags":[],"class_list":["post-156035","post","type-post","status-publish","format-standard","has-post-thumbnail","hentry","category-eduardo-gomes"],"_links":{"self":[{"href":"https:\/\/diarioregionaldigital.com.br\/index.php?rest_route=\/wp\/v2\/posts\/156035","targetHints":{"allow":["GET"]}}],"collection":[{"href":"https:\/\/diarioregionaldigital.com.br\/index.php?rest_route=\/wp\/v2\/posts"}],"about":[{"href":"https:\/\/diarioregionaldigital.com.br\/index.php?rest_route=\/wp\/v2\/types\/post"}],"author":[{"embeddable":true,"href":"https:\/\/diarioregionaldigital.com.br\/index.php?rest_route=\/wp\/v2\/users\/96"}],"replies":[{"embeddable":true,"href":"https:\/\/diarioregionaldigital.com.br\/index.php?rest_route=%2Fwp%2Fv2%2Fcomments&post=156035"}],"version-history":[{"count":0,"href":"https:\/\/diarioregionaldigital.com.br\/index.php?rest_route=\/wp\/v2\/posts\/156035\/revisions"}],"wp:featuredmedia":[{"embeddable":true,"href":"https:\/\/diarioregionaldigital.com.br\/index.php?rest_route=\/wp\/v2\/media\/156026"}],"wp:attachment":[{"href":"https:\/\/diarioregionaldigital.com.br\/index.php?rest_route=%2Fwp%2Fv2%2Fmedia&parent=156035"}],"wp:term":[{"taxonomy":"category","embeddable":true,"href":"https:\/\/diarioregionaldigital.com.br\/index.php?rest_route=%2Fwp%2Fv2%2Fcategories&post=156035"},{"taxonomy":"post_tag","embeddable":true,"href":"https:\/\/diarioregionaldigital.com.br\/index.php?rest_route=%2Fwp%2Fv2%2Ftags&post=156035"}],"curies":[{"name":"wp","href":"https:\/\/api.w.org\/{rel}","templated":true}]}}