{"id":156019,"date":"2020-02-28T12:07:49","date_gmt":"2020-02-28T15:07:49","guid":{"rendered":"https:\/\/diarioregionaldigital.com.br\/?p=156019"},"modified":"2020-02-28T12:07:49","modified_gmt":"2020-02-28T15:07:49","slug":"jovem-e-preso-por-porte-de-arma-de-fogo-em-sao-joao-nepomuceno","status":"publish","type":"post","link":"https:\/\/diarioregionaldigital.com.br\/?p=156019","title":{"rendered":"Jovem \u00e9 preso por porte de arma de fogo em S\u00e3o Jo\u00e3o Nepomuceno"},"content":{"rendered":"<p><span style=\"font-weight: 400;\">A Pol\u00edcia Militar (PM) prendeu nessa quinta-feira (27) um jovem de 21 anos por porte ilegal de arma de fogo em S\u00e3o Jo\u00e3o Nepomuceno. A abordagem foi feita durante a Opera\u00e7\u00e3o Batida Policial. Os policiais realizaram busca pessoal e encontraram uma bucha de maconha.<\/span><\/p>\n<p><span style=\"font-weight: 400;\">Dando continuidade \u00e0 dilig\u00eancia, a PM foi at\u00e9 a resid\u00eancia do autor, no Bairro Povoado da Barra, localizado na zona rural de S\u00e3o Jo\u00e3o Nepomuceno. No local, foram encontrados uma garrucha calibre .32, uma espingarda polveira calibre .22, uma rifle calibre .22, al\u00e9m de 20 muni\u00e7\u00f5es, 17 cartuchos, 3 potes de espoleta, 1 pote de p\u00f3lvora e 1 pote de chumbo.<\/span><\/p>\n<p><span style=\"font-weight: 400;\">O suspeito foi preso e encaminhado junto com os materiais apreendidos, para a Delegacia de Plant\u00e3o em Juiz de Fora, para devidas provid\u00eancias.<\/span><\/p>\n","protected":false},"excerpt":{"rendered":"<p>A Pol\u00edcia Militar (PM) prendeu nessa quinta-feira (27) um jovem de 21 anos por porte ilegal de arma de fogo em S\u00e3o Jo\u00e3o Nepomuceno. A abordagem foi feita durante a Opera\u00e7\u00e3o Batida Policial. Os policiais realizaram busca pessoal e encontraram uma bucha de maconha. Dando continuidade \u00e0 dilig\u00eancia, a PM foi at\u00e9 a resid\u00eancia do [&hellip;]<\/p>\n","protected":false},"author":96,"featured_media":156020,"comment_status":"closed","ping_status":"closed","sticky":false,"template":"","format":"standard","meta":{"footnotes":""},"categories":[301,436,439],"tags":[],"class_list":["post-156019","post","type-post","status-publish","format-standard","has-post-thumbnail","hentry","category-artigos-policiais","category-destaque-da-semana","category-ultima-hora"],"_links":{"self":[{"href":"https:\/\/diarioregionaldigital.com.br\/index.php?rest_route=\/wp\/v2\/posts\/156019","targetHints":{"allow":["GET"]}}],"collection":[{"href":"https:\/\/diarioregionaldigital.com.br\/index.php?rest_route=\/wp\/v2\/posts"}],"about":[{"href":"https:\/\/diarioregionaldigital.com.br\/index.php?rest_route=\/wp\/v2\/types\/post"}],"author":[{"embeddable":true,"href":"https:\/\/diarioregionaldigital.com.br\/index.php?rest_route=\/wp\/v2\/users\/96"}],"replies":[{"embeddable":true,"href":"https:\/\/diarioregionaldigital.com.br\/index.php?rest_route=%2Fwp%2Fv2%2Fcomments&post=156019"}],"version-history":[{"count":0,"href":"https:\/\/diarioregionaldigital.com.br\/index.php?rest_route=\/wp\/v2\/posts\/156019\/revisions"}],"wp:featuredmedia":[{"embeddable":true,"href":"https:\/\/diarioregionaldigital.com.br\/index.php?rest_route=\/wp\/v2\/media\/156020"}],"wp:attachment":[{"href":"https:\/\/diarioregionaldigital.com.br\/index.php?rest_route=%2Fwp%2Fv2%2Fmedia&parent=156019"}],"wp:term":[{"taxonomy":"category","embeddable":true,"href":"https:\/\/diarioregionaldigital.com.br\/index.php?rest_route=%2Fwp%2Fv2%2Fcategories&post=156019"},{"taxonomy":"post_tag","embeddable":true,"href":"https:\/\/diarioregionaldigital.com.br\/index.php?rest_route=%2Fwp%2Fv2%2Ftags&post=156019"}],"curies":[{"name":"wp","href":"https:\/\/api.w.org\/{rel}","templated":true}]}}