{"id":156014,"date":"2020-02-28T10:56:37","date_gmt":"2020-02-28T13:56:37","guid":{"rendered":"https:\/\/diarioregionaldigital.com.br\/?p=156014"},"modified":"2020-02-28T10:56:37","modified_gmt":"2020-02-28T13:56:37","slug":"policia-militar-encontra-local-de-desmanche-de-motocicletas-furtadas","status":"publish","type":"post","link":"https:\/\/diarioregionaldigital.com.br\/?p=156014","title":{"rendered":"Pol\u00edcia Militar encontra local de desmanche de motocicletas furtadas"},"content":{"rendered":"<p><span style=\"font-weight: 400;\">A Pol\u00edcia Militar (PM) encontrou um estabelecimento no Bairro Santa Rita (Regi\u00e3o Leste), onde seria utilizado como desmanche de motocicletas furtadas em Juiz de Fora. Os policiais foram at\u00e9 o local e encontraram um motor de motocicleta, o qual foi furtada no \u00faltimo dia 21. A verifica\u00e7\u00e3o foi feita atrav\u00e9s do sistema.<\/span><\/p>\n<p><span style=\"font-weight: 400;\">\u00a0Os policiais encontraram outras pe\u00e7as da referida motocicleta e de outras que n\u00e3o foram poss\u00edveis Identificar, devido pela falta de numera\u00e7\u00e3o.\u00a0<\/span><\/p>\n<p><span style=\"font-weight: 400;\">O autor do crime foi abordado no local e foi preso. O mesmo foi conduzido para a Delegacia, onde ser\u00e3o tomadas as devidas provid\u00eancias.<\/span><\/p>\n","protected":false},"excerpt":{"rendered":"<p>A Pol\u00edcia Militar (PM) encontrou um estabelecimento no Bairro Santa Rita (Regi\u00e3o Leste), onde seria utilizado como desmanche de motocicletas furtadas em Juiz de Fora. Os policiais foram at\u00e9 o local e encontraram um motor de motocicleta, o qual foi furtada no \u00faltimo dia 21. A verifica\u00e7\u00e3o foi feita atrav\u00e9s do sistema. \u00a0Os policiais encontraram [&hellip;]<\/p>\n","protected":false},"author":96,"featured_media":156015,"comment_status":"closed","ping_status":"closed","sticky":false,"template":"","format":"standard","meta":{"footnotes":""},"categories":[301,436,439],"tags":[],"class_list":["post-156014","post","type-post","status-publish","format-standard","has-post-thumbnail","hentry","category-artigos-policiais","category-destaque-da-semana","category-ultima-hora"],"_links":{"self":[{"href":"https:\/\/diarioregionaldigital.com.br\/index.php?rest_route=\/wp\/v2\/posts\/156014","targetHints":{"allow":["GET"]}}],"collection":[{"href":"https:\/\/diarioregionaldigital.com.br\/index.php?rest_route=\/wp\/v2\/posts"}],"about":[{"href":"https:\/\/diarioregionaldigital.com.br\/index.php?rest_route=\/wp\/v2\/types\/post"}],"author":[{"embeddable":true,"href":"https:\/\/diarioregionaldigital.com.br\/index.php?rest_route=\/wp\/v2\/users\/96"}],"replies":[{"embeddable":true,"href":"https:\/\/diarioregionaldigital.com.br\/index.php?rest_route=%2Fwp%2Fv2%2Fcomments&post=156014"}],"version-history":[{"count":0,"href":"https:\/\/diarioregionaldigital.com.br\/index.php?rest_route=\/wp\/v2\/posts\/156014\/revisions"}],"wp:featuredmedia":[{"embeddable":true,"href":"https:\/\/diarioregionaldigital.com.br\/index.php?rest_route=\/wp\/v2\/media\/156015"}],"wp:attachment":[{"href":"https:\/\/diarioregionaldigital.com.br\/index.php?rest_route=%2Fwp%2Fv2%2Fmedia&parent=156014"}],"wp:term":[{"taxonomy":"category","embeddable":true,"href":"https:\/\/diarioregionaldigital.com.br\/index.php?rest_route=%2Fwp%2Fv2%2Fcategories&post=156014"},{"taxonomy":"post_tag","embeddable":true,"href":"https:\/\/diarioregionaldigital.com.br\/index.php?rest_route=%2Fwp%2Fv2%2Ftags&post=156014"}],"curies":[{"name":"wp","href":"https:\/\/api.w.org\/{rel}","templated":true}]}}