{"id":156012,"date":"2020-02-28T10:46:16","date_gmt":"2020-02-28T13:46:16","guid":{"rendered":"https:\/\/diarioregionaldigital.com.br\/?p=156012"},"modified":"2020-02-28T12:10:28","modified_gmt":"2020-02-28T15:10:28","slug":"sobe-o-numero-de-mortos-e-acidentes-no-carnaval","status":"publish","type":"post","link":"https:\/\/diarioregionaldigital.com.br\/?p=156012","title":{"rendered":"Sobe o n\u00famero de mortos e acidentes no Carnaval"},"content":{"rendered":"<p><span style=\"font-weight: 400;\">O levantamento da Opera\u00e7\u00e3o Carnaval 2020, feito pela Pol\u00edcia Rodovi\u00e1ria Federal (PRF) de Minas Gerais, aponta crescimento do n\u00famero de mortos e acidentes nas rodovias, em compara\u00e7\u00e3o com o ano de 2019. Segundo o levantamento, foram registrados 178 acidentes com 12 \u00f3bitos e 256 feridos. Em 2019 a PRF registrou 153 acidentes com 9 mortes e 218 feridos.<\/span><\/p>\n<p><span style=\"font-weight: 400;\">Os dados apontam que foram registradas 960 multas por ultrapassagens proibidas e a PRF fiscalizou 21.246 ve\u00edculos pelas rodovias mineiras. Antes do feriado, a pol\u00edcia emitiu alerta aos motoristas sobre a embriaguez no volante e apesar disso, foram feitos 8.821 testes do baf\u00f4metro, resultando em 145 autua\u00e7\u00f5es e 18 pris\u00f5es.<\/span><\/p>\n<p><span style=\"font-weight: 400;\">Outro dado importante no levantamento foi a quest\u00e3o do n\u00e3o uso do cinto de seguran\u00e7a. Neste ano a PRF multou 526 condutores por n\u00e3o utilizaram o item de seguran\u00e7a. Ao todo 363 passageiros tamb\u00e9m n\u00e3o fizeram uso do cinto e 87 crian\u00e7as n\u00e3o utilizaram a cadeirinha.<\/span><\/p>\n","protected":false},"excerpt":{"rendered":"<p>O levantamento da Opera\u00e7\u00e3o Carnaval 2020, feito pela Pol\u00edcia Rodovi\u00e1ria Federal (PRF) de Minas Gerais, aponta crescimento do n\u00famero de mortos e acidentes nas rodovias, em compara\u00e7\u00e3o com o ano de 2019. Segundo o levantamento, foram registrados 178 acidentes com 12 \u00f3bitos e 256 feridos. Em 2019 a PRF registrou 153 acidentes com 9 mortes [&hellip;]<\/p>\n","protected":false},"author":96,"featured_media":151338,"comment_status":"closed","ping_status":"closed","sticky":false,"template":"","format":"standard","meta":{"footnotes":""},"categories":[301,436,440,439],"tags":[],"class_list":["post-156012","post","type-post","status-publish","format-standard","has-post-thumbnail","hentry","category-artigos-policiais","category-destaque-da-semana","category-destaques-do-dia","category-ultima-hora"],"_links":{"self":[{"href":"https:\/\/diarioregionaldigital.com.br\/index.php?rest_route=\/wp\/v2\/posts\/156012","targetHints":{"allow":["GET"]}}],"collection":[{"href":"https:\/\/diarioregionaldigital.com.br\/index.php?rest_route=\/wp\/v2\/posts"}],"about":[{"href":"https:\/\/diarioregionaldigital.com.br\/index.php?rest_route=\/wp\/v2\/types\/post"}],"author":[{"embeddable":true,"href":"https:\/\/diarioregionaldigital.com.br\/index.php?rest_route=\/wp\/v2\/users\/96"}],"replies":[{"embeddable":true,"href":"https:\/\/diarioregionaldigital.com.br\/index.php?rest_route=%2Fwp%2Fv2%2Fcomments&post=156012"}],"version-history":[{"count":0,"href":"https:\/\/diarioregionaldigital.com.br\/index.php?rest_route=\/wp\/v2\/posts\/156012\/revisions"}],"wp:featuredmedia":[{"embeddable":true,"href":"https:\/\/diarioregionaldigital.com.br\/index.php?rest_route=\/wp\/v2\/media\/151338"}],"wp:attachment":[{"href":"https:\/\/diarioregionaldigital.com.br\/index.php?rest_route=%2Fwp%2Fv2%2Fmedia&parent=156012"}],"wp:term":[{"taxonomy":"category","embeddable":true,"href":"https:\/\/diarioregionaldigital.com.br\/index.php?rest_route=%2Fwp%2Fv2%2Fcategories&post=156012"},{"taxonomy":"post_tag","embeddable":true,"href":"https:\/\/diarioregionaldigital.com.br\/index.php?rest_route=%2Fwp%2Fv2%2Ftags&post=156012"}],"curies":[{"name":"wp","href":"https:\/\/api.w.org\/{rel}","templated":true}]}}