{"id":156000,"date":"2020-02-27T06:00:07","date_gmt":"2020-02-27T09:00:07","guid":{"rendered":"https:\/\/diarioregionaldigital.com.br\/?p=156000"},"modified":"2020-02-29T19:32:44","modified_gmt":"2020-02-29T22:32:44","slug":"para-refletir-e-aproveitar","status":"publish","type":"post","link":"https:\/\/diarioregionaldigital.com.br\/?p=156000","title":{"rendered":"Carnaval"},"content":{"rendered":"<p style=\"text-align: center;\"><strong>Sucesso J\u00e1!<\/strong><br \/>\nO conceituado e jovem m\u00e9dico psiquiatra Helio F\u00e1del \u00e9 digno de todos os elogios. \u00c0 convite do Comit\u00ea Ol\u00edmpico Brasileiro (COB) participou da Reuni\u00e3o de Prepara\u00e7\u00e3o Mental para T\u00f3quio 2020. Foi um\u00a0dia inteiro de apresenta\u00e7\u00f5es\u00a0 com os principais psic\u00f3logos do esporte do pa\u00eds (al\u00e9m de outros profissionais da sa\u00fade ligados ao Comit\u00ea. Helio F\u00e1del fez palestra na mesa redonda \u201cSa\u00fade Mental no Esporte de Alto Rendimento\u201d. O tema foi Psiquiatria no Esporte. Aplausos.<\/p>\n<p style=\"text-align: center;\"><strong>Carnaval<\/strong><br \/>\nPersonagens colun\u00e1veis circularam por v\u00e1rios lugares espalhando confete e ser-pentina no maior alto astral. Curtiram o trio el\u00e9trico numa sequ\u00eancia assim: \u201cEu que-ria que esta fantasia fosse eterna. Quem sabe um dia a paz vence a guerra.E viver ser\u00e1 s\u00f3 festejar\u201d.<\/p>\n<p style=\"text-align: center;\"><strong>Sintonia<\/strong><\/p>\n<p style=\"text-align: center;\">Em estilo que marca a diferen\u00e7a, a Gryphon Editora \u00e9 a nova patrocinadora do Sarau A Poesia est\u00e1 no Ar, que acontece uma vez por m\u00eas\u00a0no Espa\u00e7o Excalibur. O Sarau tem o poeta Jorge Lenzi como apresentador e voz e viol\u00e3o com o cantor Thiago Miranda. Os poetas presentes s\u00e3o convidados a declamar seus poemas em um clima muito agrad\u00e1vel e emocionante.<\/p>\n<p style=\"text-align: center;\"><span style=\"font-size: 14pt;\"><strong>Moda Show<\/strong><\/span><br \/>\nNa quinta-feira, 20, surge glorioso no Univershow o Baile da Banda Daki. Muita anima\u00e7\u00e3o com confete e serpentina, gente fantasiada, marchinhas de carnaval e a batuta do Marechal Z\u00e9 Koda.O ver\u00e3o de 2020 chamado de veranico traz uma novidade: se voc\u00ea ainda usa a express\u00e3o \u201cviralizar\u201d, trate de se atualizar. O neg\u00f3cio agora \u00e9 biscoitar. Existem\u00a0 tamb\u00e9m os fareleiros, ou seja, aqueles que tentam lacrar na biscoitagem alheia.<\/p>\n<div id=\"attachment_155999\" style=\"width: 690px\" class=\"wp-caption aligncenter\"><img loading=\"lazy\" decoding=\"async\" aria-describedby=\"caption-attachment-155999\" class=\"wp-image-155999\" src=\"https:\/\/diarioregionaldigital.com.br\/wp-content\/uploads\/A-e1582848752863.jpg\" alt=\"\" width=\"680\" height=\"469\" srcset=\"https:\/\/diarioregionaldigital.com.br\/wp-content\/uploads\/A-e1582848752863.jpg 780w, https:\/\/diarioregionaldigital.com.br\/wp-content\/uploads\/A-e1582848752863-300x207.jpg 300w, https:\/\/diarioregionaldigital.com.br\/wp-content\/uploads\/A-e1582848752863-768x530.jpg 768w, https:\/\/diarioregionaldigital.com.br\/wp-content\/uploads\/A-e1582848752863-360x248.jpg 360w, https:\/\/diarioregionaldigital.com.br\/wp-content\/uploads\/A-e1582848752863-100x70.jpg 100w\" sizes=\"auto, (max-width: 680px) 100vw, 680px\" \/><p id=\"caption-attachment-155999\" class=\"wp-caption-text\">Em Rio Novo, em destaque de Escola de Samba Mocidade Dependente de Rio Novo o bonit\u00e3o Giulio Miranda<\/p><\/div>\n<div id=\"attachment_156001\" style=\"width: 690px\" class=\"wp-caption aligncenter\"><img loading=\"lazy\" decoding=\"async\" aria-describedby=\"caption-attachment-156001\" class=\"wp-image-156001\" src=\"https:\/\/diarioregionaldigital.com.br\/wp-content\/uploads\/Foto-D-e1582848819135.jpg\" alt=\"\" width=\"680\" height=\"511\" srcset=\"https:\/\/diarioregionaldigital.com.br\/wp-content\/uploads\/Foto-D-e1582848819135.jpg 769w, https:\/\/diarioregionaldigital.com.br\/wp-content\/uploads\/Foto-D-e1582848819135-300x225.jpg 300w, https:\/\/diarioregionaldigital.com.br\/wp-content\/uploads\/Foto-D-e1582848819135-768x577.jpg 768w, https:\/\/diarioregionaldigital.com.br\/wp-content\/uploads\/Foto-D-e1582848819135-360x271.jpg 360w\" sizes=\"auto, (max-width: 680px) 100vw, 680px\" \/><p id=\"caption-attachment-156001\" class=\"wp-caption-text\">Sueli Mautoni no Baile de M\u00e1scaras do Hotel Fazenda Santa Helena<\/p><\/div>\n<div id=\"attachment_156002\" style=\"width: 690px\" class=\"wp-caption aligncenter\"><img loading=\"lazy\" decoding=\"async\" aria-describedby=\"caption-attachment-156002\" class=\"wp-image-156002\" src=\"https:\/\/diarioregionaldigital.com.br\/wp-content\/uploads\/Foto-B.jpg\" alt=\"\" width=\"680\" height=\"450\" srcset=\"https:\/\/diarioregionaldigital.com.br\/wp-content\/uploads\/Foto-B.jpg 1172w, https:\/\/diarioregionaldigital.com.br\/wp-content\/uploads\/Foto-B-300x199.jpg 300w, https:\/\/diarioregionaldigital.com.br\/wp-content\/uploads\/Foto-B-768x509.jpg 768w, https:\/\/diarioregionaldigital.com.br\/wp-content\/uploads\/Foto-B-1024x678.jpg 1024w, https:\/\/diarioregionaldigital.com.br\/wp-content\/uploads\/Foto-B-360x238.jpg 360w\" sizes=\"auto, (max-width: 680px) 100vw, 680px\" \/><p id=\"caption-attachment-156002\" class=\"wp-caption-text\">Gente animada no Bloco T\u00f4 no Vermelho com Z\u00e9 Kodak, Basileu\u00a0Tavares, Isauro Calais, Beth Ank e Palha\u00e7o Trombetinha<\/p><\/div>\n<div id=\"attachment_156003\" style=\"width: 690px\" class=\"wp-caption aligncenter\"><img loading=\"lazy\" decoding=\"async\" aria-describedby=\"caption-attachment-156003\" class=\"wp-image-156003\" src=\"https:\/\/diarioregionaldigital.com.br\/wp-content\/uploads\/C.jpg\" alt=\"\" width=\"680\" height=\"426\" srcset=\"https:\/\/diarioregionaldigital.com.br\/wp-content\/uploads\/C.jpg 1184w, https:\/\/diarioregionaldigital.com.br\/wp-content\/uploads\/C-300x188.jpg 300w, https:\/\/diarioregionaldigital.com.br\/wp-content\/uploads\/C-768x481.jpg 768w, https:\/\/diarioregionaldigital.com.br\/wp-content\/uploads\/C-1024x641.jpg 1024w, https:\/\/diarioregionaldigital.com.br\/wp-content\/uploads\/C-360x225.jpg 360w\" sizes=\"auto, (max-width: 680px) 100vw, 680px\" \/><p id=\"caption-attachment-156003\" class=\"wp-caption-text\">Lindos no camarote do Nana Oficial em Salvador, Vitor C\u00e9sar Fonseca, Rose Oliveira e Gustavo Rodrigues<\/p><\/div>\n<div id=\"attachment_156004\" style=\"width: 690px\" class=\"wp-caption aligncenter\"><img loading=\"lazy\" decoding=\"async\" aria-describedby=\"caption-attachment-156004\" class=\"wp-image-156004\" src=\"https:\/\/diarioregionaldigital.com.br\/wp-content\/uploads\/B-e1582848893585.jpg\" alt=\"\" width=\"680\" height=\"510\" srcset=\"https:\/\/diarioregionaldigital.com.br\/wp-content\/uploads\/B-e1582848893585.jpg 785w, https:\/\/diarioregionaldigital.com.br\/wp-content\/uploads\/B-e1582848893585-300x225.jpg 300w, https:\/\/diarioregionaldigital.com.br\/wp-content\/uploads\/B-e1582848893585-768x576.jpg 768w, https:\/\/diarioregionaldigital.com.br\/wp-content\/uploads\/B-e1582848893585-360x270.jpg 360w\" sizes=\"auto, (max-width: 680px) 100vw, 680px\" \/><p id=\"caption-attachment-156004\" class=\"wp-caption-text\">No Bloco do Beco, os queridos Miriam Neder e Dirceu Falce<\/p><\/div>\n<div id=\"attachment_156005\" style=\"width: 690px\" class=\"wp-caption aligncenter\"><img loading=\"lazy\" decoding=\"async\" aria-describedby=\"caption-attachment-156005\" class=\"wp-image-156005\" src=\"https:\/\/diarioregionaldigital.com.br\/wp-content\/uploads\/Kaio-Barros-e1582848927530.jpg\" alt=\"\" width=\"680\" height=\"534\" srcset=\"https:\/\/diarioregionaldigital.com.br\/wp-content\/uploads\/Kaio-Barros-e1582848927530.jpg 540w, https:\/\/diarioregionaldigital.com.br\/wp-content\/uploads\/Kaio-Barros-e1582848927530-300x236.jpg 300w, https:\/\/diarioregionaldigital.com.br\/wp-content\/uploads\/Kaio-Barros-e1582848927530-360x283.jpg 360w\" sizes=\"auto, (max-width: 680px) 100vw, 680px\" \/><p id=\"caption-attachment-156005\" class=\"wp-caption-text\">Kaio Barros brincou e pulou atr\u00e1s do Trio El\u00e9trico no animado Carnaval de Ch\u00e1cara<\/p><\/div>\n<div id=\"attachment_156006\" style=\"width: 690px\" class=\"wp-caption aligncenter\"><img loading=\"lazy\" decoding=\"async\" aria-describedby=\"caption-attachment-156006\" class=\"wp-image-156006\" src=\"https:\/\/diarioregionaldigital.com.br\/wp-content\/uploads\/Foto-H.jpg\" alt=\"\" width=\"680\" height=\"447\" srcset=\"https:\/\/diarioregionaldigital.com.br\/wp-content\/uploads\/Foto-H.jpg 1173w, https:\/\/diarioregionaldigital.com.br\/wp-content\/uploads\/Foto-H-300x197.jpg 300w, https:\/\/diarioregionaldigital.com.br\/wp-content\/uploads\/Foto-H-768x505.jpg 768w, https:\/\/diarioregionaldigital.com.br\/wp-content\/uploads\/Foto-H-1024x673.jpg 1024w, https:\/\/diarioregionaldigital.com.br\/wp-content\/uploads\/Foto-H-360x237.jpg 360w\" sizes=\"auto, (max-width: 680px) 100vw, 680px\" \/><p id=\"caption-attachment-156006\" class=\"wp-caption-text\">Delegados de real valor no Terrazzo com Carlos Eduardo Rodrigues e \u00c2ngela Fellet<\/p><\/div>\n<div id=\"attachment_156007\" style=\"width: 690px\" class=\"wp-caption aligncenter\"><img loading=\"lazy\" decoding=\"async\" aria-describedby=\"caption-attachment-156007\" class=\"wp-image-156007\" src=\"https:\/\/diarioregionaldigital.com.br\/wp-content\/uploads\/Foto-C-e1582848976792.jpg\" alt=\"\" width=\"680\" height=\"490\" srcset=\"https:\/\/diarioregionaldigital.com.br\/wp-content\/uploads\/Foto-C-e1582848976792.jpg 745w, https:\/\/diarioregionaldigital.com.br\/wp-content\/uploads\/Foto-C-e1582848976792-300x216.jpg 300w, https:\/\/diarioregionaldigital.com.br\/wp-content\/uploads\/Foto-C-e1582848976792-360x259.jpg 360w\" sizes=\"auto, (max-width: 680px) 100vw, 680px\" \/><p id=\"caption-attachment-156007\" class=\"wp-caption-text\">Liderando glomour e talento no Espa\u00e7o Folia, Dad\u00e1 Rocha e Wagner Vaccari<\/p><\/div>\n<p><img loading=\"lazy\" decoding=\"async\" class=\"aligncenter size-full wp-image-156036\" src=\"https:\/\/diarioregionaldigital.com.br\/wp-content\/uploads\/anuncio89.jpg\" alt=\"\" width=\"3480\" height=\"2044\" srcset=\"https:\/\/diarioregionaldigital.com.br\/wp-content\/uploads\/anuncio89.jpg 3480w, https:\/\/diarioregionaldigital.com.br\/wp-content\/uploads\/anuncio89-300x176.jpg 300w, https:\/\/diarioregionaldigital.com.br\/wp-content\/uploads\/anuncio89-768x451.jpg 768w, https:\/\/diarioregionaldigital.com.br\/wp-content\/uploads\/anuncio89-1024x601.jpg 1024w, https:\/\/diarioregionaldigital.com.br\/wp-content\/uploads\/anuncio89-360x211.jpg 360w\" sizes=\"auto, (max-width: 3480px) 100vw, 3480px\" \/><\/p>\n","protected":false},"excerpt":{"rendered":"<p>Sucesso J\u00e1! O conceituado e jovem m\u00e9dico psiquiatra Helio F\u00e1del \u00e9 digno de todos os elogios. \u00c0 convite do Comit\u00ea Ol\u00edmpico Brasileiro (COB) participou da Reuni\u00e3o de Prepara\u00e7\u00e3o Mental para T\u00f3quio 2020. Foi um\u00a0dia inteiro de apresenta\u00e7\u00f5es\u00a0 com os principais psic\u00f3logos do esporte do pa\u00eds (al\u00e9m de outros profissionais da sa\u00fade ligados ao Comit\u00ea. Helio [&hellip;]<\/p>\n","protected":false},"author":96,"featured_media":155999,"comment_status":"closed","ping_status":"closed","sticky":false,"template":"","format":"standard","meta":{"footnotes":""},"categories":[264],"tags":[],"class_list":["post-156000","post","type-post","status-publish","format-standard","has-post-thumbnail","hentry","category-eduardo-gomes"],"_links":{"self":[{"href":"https:\/\/diarioregionaldigital.com.br\/index.php?rest_route=\/wp\/v2\/posts\/156000","targetHints":{"allow":["GET"]}}],"collection":[{"href":"https:\/\/diarioregionaldigital.com.br\/index.php?rest_route=\/wp\/v2\/posts"}],"about":[{"href":"https:\/\/diarioregionaldigital.com.br\/index.php?rest_route=\/wp\/v2\/types\/post"}],"author":[{"embeddable":true,"href":"https:\/\/diarioregionaldigital.com.br\/index.php?rest_route=\/wp\/v2\/users\/96"}],"replies":[{"embeddable":true,"href":"https:\/\/diarioregionaldigital.com.br\/index.php?rest_route=%2Fwp%2Fv2%2Fcomments&post=156000"}],"version-history":[{"count":0,"href":"https:\/\/diarioregionaldigital.com.br\/index.php?rest_route=\/wp\/v2\/posts\/156000\/revisions"}],"wp:featuredmedia":[{"embeddable":true,"href":"https:\/\/diarioregionaldigital.com.br\/index.php?rest_route=\/wp\/v2\/media\/155999"}],"wp:attachment":[{"href":"https:\/\/diarioregionaldigital.com.br\/index.php?rest_route=%2Fwp%2Fv2%2Fmedia&parent=156000"}],"wp:term":[{"taxonomy":"category","embeddable":true,"href":"https:\/\/diarioregionaldigital.com.br\/index.php?rest_route=%2Fwp%2Fv2%2Fcategories&post=156000"},{"taxonomy":"post_tag","embeddable":true,"href":"https:\/\/diarioregionaldigital.com.br\/index.php?rest_route=%2Fwp%2Fv2%2Ftags&post=156000"}],"curies":[{"name":"wp","href":"https:\/\/api.w.org\/{rel}","templated":true}]}}