{"id":155981,"date":"2020-02-28T10:00:43","date_gmt":"2020-02-28T13:00:43","guid":{"rendered":"https:\/\/diarioregionaldigital.com.br\/?p=155981"},"modified":"2020-02-27T19:29:33","modified_gmt":"2020-02-27T22:29:33","slug":"em-sevilha-maratonista-paulo-roberto-de-paula-faz-indice-olimpico-para-toquio-2020","status":"publish","type":"post","link":"https:\/\/diarioregionaldigital.com.br\/?p=155981","title":{"rendered":"Em Sevilha, maratonista Paulo Roberto de Paula faz \u00edndice ol\u00edmpico para T\u00f3quio 2020"},"content":{"rendered":"<p>Com o tempo de 2:10:08 e o 24\u00ba lugar na Maratona de Sevilha (Espanha), Paulo Roberto de Paula estabeleceu sua melhor marca pessoal na dist\u00e2ncia de 42.195 metros e conseguiu o \u00edndice para os Jogos Ol\u00edmpicos T\u00f3quio 2020 (a marca exigida \u00e9 2:11:30). Ele \u00e9 o segundo atleta brasileiro a superar o \u00edndice ol\u00edmpico (Daniel Chaves fez 2:11:10, na Maratona de Londres, em 2019).<\/p>\n<p>&#8220;Foi uma prova t\u00e1tica, tinha em mente correr a 3.06, 3.07 por quil\u00f4metro e foi o que aconteceu. Estou feliz pelo \u00edndice e por estar quebrando as barreiras da idade&#8221;, disse Paulo Roberto que tem 40 anos e completa 41 em 8 de julho.<\/p>\n<p>Logo ap\u00f3s os Jogos Ol\u00edmpicos Rio 2016, o atleta e seu treinador Luis Fernando Almeida Paula se preocuparam em estabelecer um planejamento em fun\u00e7\u00e3o da idade de Paulo Roberto: &#8220;trabalhamos bastante a meia maratona e algumas provas de 10 km, mas sempre visando a maratona porque o foco era ele estar nos Jogos Ol\u00edmpicos em condi\u00e7\u00f5es de boa performance&#8221;.<\/p>\n<p>Luis Fernando garantiu ainda que Paulo Roberto est\u00e1 muito feliz e mesmo com 40 anos quer um bom resultado na Olimp\u00edada: &#8220;temos a pretens\u00e3o de correr mais uma maratona, provavelmente a de Hamburgo, para melhorar ainda mais o tempo&#8221;, disse Luis Fernando.<\/p>\n<p>&nbsp;<\/p>\n<p><strong>Fonte:<\/strong>\u00a0COB<\/p>\n","protected":false},"excerpt":{"rendered":"<p>Com o tempo de 2:10:08 e o 24\u00ba lugar na Maratona de Sevilha (Espanha), Paulo Roberto de Paula estabeleceu sua melhor marca pessoal na dist\u00e2ncia de 42.195 metros e conseguiu o \u00edndice para os Jogos Ol\u00edmpicos T\u00f3quio 2020 (a marca exigida \u00e9 2:11:30). Ele \u00e9 o segundo atleta brasileiro a superar o \u00edndice ol\u00edmpico (Daniel [&hellip;]<\/p>\n","protected":false},"author":96,"featured_media":155982,"comment_status":"closed","ping_status":"closed","sticky":false,"template":"","format":"standard","meta":{"footnotes":""},"categories":[436,257,439],"tags":[],"class_list":["post-155981","post","type-post","status-publish","format-standard","has-post-thumbnail","hentry","category-destaque-da-semana","category-esporte","category-ultima-hora"],"_links":{"self":[{"href":"https:\/\/diarioregionaldigital.com.br\/index.php?rest_route=\/wp\/v2\/posts\/155981","targetHints":{"allow":["GET"]}}],"collection":[{"href":"https:\/\/diarioregionaldigital.com.br\/index.php?rest_route=\/wp\/v2\/posts"}],"about":[{"href":"https:\/\/diarioregionaldigital.com.br\/index.php?rest_route=\/wp\/v2\/types\/post"}],"author":[{"embeddable":true,"href":"https:\/\/diarioregionaldigital.com.br\/index.php?rest_route=\/wp\/v2\/users\/96"}],"replies":[{"embeddable":true,"href":"https:\/\/diarioregionaldigital.com.br\/index.php?rest_route=%2Fwp%2Fv2%2Fcomments&post=155981"}],"version-history":[{"count":0,"href":"https:\/\/diarioregionaldigital.com.br\/index.php?rest_route=\/wp\/v2\/posts\/155981\/revisions"}],"wp:featuredmedia":[{"embeddable":true,"href":"https:\/\/diarioregionaldigital.com.br\/index.php?rest_route=\/wp\/v2\/media\/155982"}],"wp:attachment":[{"href":"https:\/\/diarioregionaldigital.com.br\/index.php?rest_route=%2Fwp%2Fv2%2Fmedia&parent=155981"}],"wp:term":[{"taxonomy":"category","embeddable":true,"href":"https:\/\/diarioregionaldigital.com.br\/index.php?rest_route=%2Fwp%2Fv2%2Fcategories&post=155981"},{"taxonomy":"post_tag","embeddable":true,"href":"https:\/\/diarioregionaldigital.com.br\/index.php?rest_route=%2Fwp%2Fv2%2Ftags&post=155981"}],"curies":[{"name":"wp","href":"https:\/\/api.w.org\/{rel}","templated":true}]}}