{"id":155978,"date":"2020-02-28T10:30:49","date_gmt":"2020-02-28T13:30:49","guid":{"rendered":"https:\/\/diarioregionaldigital.com.br\/?p=155978"},"modified":"2020-02-28T12:13:23","modified_gmt":"2020-02-28T15:13:23","slug":"estado-divulga-balanco-parcial-das-acoes-de-seguranca-no-carnaval","status":"publish","type":"post","link":"https:\/\/diarioregionaldigital.com.br\/?p=155978","title":{"rendered":"Estado divulga balan\u00e7o parcial das a\u00e7\u00f5es de seguran\u00e7a no Carnaval"},"content":{"rendered":"<p>Mais de 500 blocos tem\u00e1ticos e desfiles de escolas de samba na Avenida Afonso Pena, no centro de Belo Horizonte, arrastaram p\u00fablico recorde para as ruas, movimento observado tamb\u00e9m no interior. E, no quesito seguran\u00e7a p\u00fablica, o Carnaval 2020 tamb\u00e9m ser\u00e1 lembrado pela redu\u00e7\u00e3o nos \u00edndices de criminalidade.<\/p>\n<p>At\u00e9 aqui, segundo a Pol\u00edcia Militar de Minas Gerais (PMMG), os dados preliminares indicam que, na capital, houve diminui\u00e7\u00e3o significativa em v\u00e1rios \u00edndices de viol\u00eancia. Em compara\u00e7\u00e3o aos n\u00fameros de 2019, a Pol\u00edcia Militar registrou 30% menos ocorr\u00eancias relacionadas a crimes violentos; redu\u00e7\u00e3o de 29% em crimes de roubo em geral; 29% de queda no roubo de celular e 5% em furto de aparelhos.<\/p>\n<p>Em todo o estado, tamb\u00e9m houve redu\u00e7\u00e3o em v\u00e1rios \u00edndices: cerca de 30% de queda nos crimes violentos; redu\u00e7\u00e3o de 30% em crimes de roubo; 26% menos roubos de celular; e 8% de redu\u00e7\u00e3o nos furtos dos telefones m\u00f3veis.<\/p>\n<p>No balan\u00e7o parcial, de sexta-feira (21\/2) a quarta-feira (26\/2), a PMMG registrou 27.400 ocorr\u00eancias. A corpora\u00e7\u00e3o refor\u00e7a que o uso de tecnologia &#8211; com drones e c\u00e2meras de alto alcance e precis\u00e3o, entre outros equipamentos que flagaram atos de criminalidade, brigas e tr\u00e1fico de drogas &#8211; foi fundamental para apoiar as a\u00e7\u00f5es que objetivaram a seguran\u00e7a da popula\u00e7\u00e3o e dos visitantes durante a festa.<\/p>\n<p>&nbsp;<\/p>\n<p><strong>Importuna\u00e7\u00e3o sexual <\/strong><\/p>\n<p>Em contrapartida, houve um aumento no registro de ocorr\u00eancias de importuna\u00e7\u00e3o sexual na capital mineira, 18 em 2020 contra 12 no ano anterior. O acr\u00e9scimo, no entanto, pode ser explicado pela tomada de consci\u00eancia das mulheres sobre o crime, alvo de campanhas de conscientiza\u00e7\u00e3o realizadas no estado. Tamb\u00e9m houve um planejamento detalhado para garantir o efetivo policial nas ruas, o que facilitou a a\u00e7\u00e3o de registro de ocorr\u00eancia deste e de outros crimes cometidos durante o Carnaval. A partir do ano que vem, a entidade ir\u00e1 cruzar os dados para comparar estat\u00edsticas.<\/p>\n<p>Ainda em rela\u00e7\u00e3o ao crime de importuna\u00e7\u00e3o sexual, a Pol\u00edcia Civil de Minas Gerais (PCMG) divulgou balan\u00e7o de ocorr\u00eancias na capital e em cidades do interior.<\/p>\n<p>O balan\u00e7o final das a\u00e7\u00f5es das pol\u00edcias Militar e Civil de Minas Gerais ser\u00e1 fechado ap\u00f3s este domingo (1), quando o calend\u00e1rio da folia ser\u00e1 oficialmente encerrado no estado.<\/p>\n<p>&nbsp;<\/p>\n<p><strong>Fonte:\u00a0<\/strong>Ag\u00eancia Minas<\/p>\n","protected":false},"excerpt":{"rendered":"<p>Mais de 500 blocos tem\u00e1ticos e desfiles de escolas de samba na Avenida Afonso Pena, no centro de Belo Horizonte, arrastaram p\u00fablico recorde para as ruas, movimento observado tamb\u00e9m no interior. E, no quesito seguran\u00e7a p\u00fablica, o Carnaval 2020 tamb\u00e9m ser\u00e1 lembrado pela redu\u00e7\u00e3o nos \u00edndices de criminalidade. At\u00e9 aqui, segundo a Pol\u00edcia Militar de [&hellip;]<\/p>\n","protected":false},"author":96,"featured_media":155979,"comment_status":"closed","ping_status":"closed","sticky":false,"template":"","format":"standard","meta":{"footnotes":""},"categories":[436,440,254,439],"tags":[],"class_list":["post-155978","post","type-post","status-publish","format-standard","has-post-thumbnail","hentry","category-destaque-da-semana","category-destaques-do-dia","category-politica","category-ultima-hora"],"_links":{"self":[{"href":"https:\/\/diarioregionaldigital.com.br\/index.php?rest_route=\/wp\/v2\/posts\/155978","targetHints":{"allow":["GET"]}}],"collection":[{"href":"https:\/\/diarioregionaldigital.com.br\/index.php?rest_route=\/wp\/v2\/posts"}],"about":[{"href":"https:\/\/diarioregionaldigital.com.br\/index.php?rest_route=\/wp\/v2\/types\/post"}],"author":[{"embeddable":true,"href":"https:\/\/diarioregionaldigital.com.br\/index.php?rest_route=\/wp\/v2\/users\/96"}],"replies":[{"embeddable":true,"href":"https:\/\/diarioregionaldigital.com.br\/index.php?rest_route=%2Fwp%2Fv2%2Fcomments&post=155978"}],"version-history":[{"count":0,"href":"https:\/\/diarioregionaldigital.com.br\/index.php?rest_route=\/wp\/v2\/posts\/155978\/revisions"}],"wp:featuredmedia":[{"embeddable":true,"href":"https:\/\/diarioregionaldigital.com.br\/index.php?rest_route=\/wp\/v2\/media\/155979"}],"wp:attachment":[{"href":"https:\/\/diarioregionaldigital.com.br\/index.php?rest_route=%2Fwp%2Fv2%2Fmedia&parent=155978"}],"wp:term":[{"taxonomy":"category","embeddable":true,"href":"https:\/\/diarioregionaldigital.com.br\/index.php?rest_route=%2Fwp%2Fv2%2Fcategories&post=155978"},{"taxonomy":"post_tag","embeddable":true,"href":"https:\/\/diarioregionaldigital.com.br\/index.php?rest_route=%2Fwp%2Fv2%2Ftags&post=155978"}],"curies":[{"name":"wp","href":"https:\/\/api.w.org\/{rel}","templated":true}]}}