{"id":155975,"date":"2020-02-28T09:00:43","date_gmt":"2020-02-28T12:00:43","guid":{"rendered":"https:\/\/diarioregionaldigital.com.br\/?p=155975"},"modified":"2020-02-27T19:25:39","modified_gmt":"2020-02-27T22:25:39","slug":"projeto-limita-remuneracao-de-aplicativo-de-transporte-a-20-do-valor-cobrado-do-passageiro","status":"publish","type":"post","link":"https:\/\/diarioregionaldigital.com.br\/?p=155975","title":{"rendered":"Projeto limita remunera\u00e7\u00e3o de aplicativo de transporte a 20% do valor cobrado do passageiro"},"content":{"rendered":"<p>O Projeto de Lei 58\/20 determina que a remunera\u00e7\u00e3o pelos servi\u00e7os de aplicativos ou outras plataformas digitais de transporte n\u00e3o poder\u00e1 exceder o limite de 20% do valor cobrado pelo servi\u00e7o prestado pelo motorista ao passageiro.<\/p>\n<p>Em an\u00e1lise na C\u00e2mara dos Deputados, a proposta altera a Lei 12.587\/12, que institui as diretrizes da Pol\u00edtica Nacional de Mobilidade Urbana.<\/p>\n<p>\u201cNada mais justo que limitar a cobran\u00e7a por esses aplicativos para que n\u00e3o haja abusos na rela\u00e7\u00e3o contratual, uma vez que os motoristas s\u00e3o considerados a parte mais vulner\u00e1vel\u201d, afirma o autor do projeto, deputado Alexandre Frota (PSDB-SP).<\/p>\n<p><strong>Tramita\u00e7\u00e3o<\/strong><\/p>\n<p>A proposta ser\u00e1 analisada em car\u00e1ter conclusivo pelas comiss\u00f5es de Via\u00e7\u00e3o e Transportes; de Desenvolvimento Econ\u00f4mico, Ind\u00fastria, Com\u00e9rcio e Servi\u00e7os; e de Constitui\u00e7\u00e3o e Justi\u00e7a e de Cidadania.<\/p>\n<p>&nbsp;<\/p>\n<p><strong>Fonte:\u00a0<\/strong>Ag\u00eancia C\u00e2mara<\/p>\n","protected":false},"excerpt":{"rendered":"<p>O Projeto de Lei 58\/20 determina que a remunera\u00e7\u00e3o pelos servi\u00e7os de aplicativos ou outras plataformas digitais de transporte n\u00e3o poder\u00e1 exceder o limite de 20% do valor cobrado pelo servi\u00e7o prestado pelo motorista ao passageiro. Em an\u00e1lise na C\u00e2mara dos Deputados, a proposta altera a Lei 12.587\/12, que institui as diretrizes da Pol\u00edtica Nacional [&hellip;]<\/p>\n","protected":false},"author":96,"featured_media":155976,"comment_status":"closed","ping_status":"closed","sticky":false,"template":"","format":"standard","meta":{"footnotes":""},"categories":[436,254,439],"tags":[],"class_list":["post-155975","post","type-post","status-publish","format-standard","has-post-thumbnail","hentry","category-destaque-da-semana","category-politica","category-ultima-hora"],"_links":{"self":[{"href":"https:\/\/diarioregionaldigital.com.br\/index.php?rest_route=\/wp\/v2\/posts\/155975","targetHints":{"allow":["GET"]}}],"collection":[{"href":"https:\/\/diarioregionaldigital.com.br\/index.php?rest_route=\/wp\/v2\/posts"}],"about":[{"href":"https:\/\/diarioregionaldigital.com.br\/index.php?rest_route=\/wp\/v2\/types\/post"}],"author":[{"embeddable":true,"href":"https:\/\/diarioregionaldigital.com.br\/index.php?rest_route=\/wp\/v2\/users\/96"}],"replies":[{"embeddable":true,"href":"https:\/\/diarioregionaldigital.com.br\/index.php?rest_route=%2Fwp%2Fv2%2Fcomments&post=155975"}],"version-history":[{"count":0,"href":"https:\/\/diarioregionaldigital.com.br\/index.php?rest_route=\/wp\/v2\/posts\/155975\/revisions"}],"wp:featuredmedia":[{"embeddable":true,"href":"https:\/\/diarioregionaldigital.com.br\/index.php?rest_route=\/wp\/v2\/media\/155976"}],"wp:attachment":[{"href":"https:\/\/diarioregionaldigital.com.br\/index.php?rest_route=%2Fwp%2Fv2%2Fmedia&parent=155975"}],"wp:term":[{"taxonomy":"category","embeddable":true,"href":"https:\/\/diarioregionaldigital.com.br\/index.php?rest_route=%2Fwp%2Fv2%2Fcategories&post=155975"},{"taxonomy":"post_tag","embeddable":true,"href":"https:\/\/diarioregionaldigital.com.br\/index.php?rest_route=%2Fwp%2Fv2%2Ftags&post=155975"}],"curies":[{"name":"wp","href":"https:\/\/api.w.org\/{rel}","templated":true}]}}