{"id":155972,"date":"2020-02-28T08:30:36","date_gmt":"2020-02-28T11:30:36","guid":{"rendered":"https:\/\/diarioregionaldigital.com.br\/?p=155972"},"modified":"2020-02-27T19:23:35","modified_gmt":"2020-02-27T22:23:35","slug":"divida-publica-federal-cai-045-em-janeiro-e-vai-para-r-4229-tri","status":"publish","type":"post","link":"https:\/\/diarioregionaldigital.com.br\/?p=155972","title":{"rendered":"D\u00edvida P\u00fablica Federal cai 0,45% em janeiro e vai para R$ 4,229 tri"},"content":{"rendered":"<p>A D\u00edvida P\u00fablica Federal (DPF) \u2013 que inclui o endividamento interno e externo do governo federal\u00a0 \u2013 apresentou redu\u00e7\u00e3o, em termos nominais, de 0,45% em janeiro, na compara\u00e7\u00e3o com dezembro de 2019, informou nessa semana, em Bras\u00edlia, a Secretaria do Tesouro Nacional (STN), do Minist\u00e9rio da Economia. O estoque passou de R$ 4,249 trilh\u00f5es para R$ 4,229 trilh\u00f5es.<\/p>\n<p>A D\u00edvida P\u00fablica Mobili\u00e1ria Federal interna (DPMFi), que \u00e9 a parte da d\u00edvida p\u00fablica em t\u00edtulos no mercado interno, teve o estoque reduzido em 0,63% em janeiro, passando de R$ 4,083 trilh\u00f5es para R$ 4,057 trilh\u00f5es.<\/p>\n<p>A redu\u00e7\u00e3o deve-se, segundo o Tesouro, ao resgate l\u00edquido de R$ 55,43 bilh\u00f5es na d\u00edvida mobili\u00e1ria (em t\u00edtulos) interna, compensado, em parte, pela apropria\u00e7\u00e3o positiva de juros (quando os juros da d\u00edvida s\u00e3o incorporados ao total m\u00eas a m\u00eas), no valor de R$ 29,75 bilh\u00f5es.<\/p>\n<p>O resgate l\u00edquido de t\u00edtulos da D\u00edvida P\u00fablica Mobili\u00e1ria Interna deu-se pela diferen\u00e7a entre o total resgatado (embolsado pelos investidores) \u2013 R$ 122,28 bilh\u00f5es \u2013 em rela\u00e7\u00e3o ao volume de novos t\u00edtulos emitidos pelo Tesouro Nacional, que somou R$ 63,67 bilh\u00f5es.<\/p>\n<p>De acordo com o coordenador-geral de Opera\u00e7\u00f5es da D\u00edvida P\u00fablica, Lu\u00eds Felipe Vital, 95,4% dos recursos resgatados se referem a t\u00edtulos prefixados, cuja taxa de juros \u00e9 definida no momento da emiss\u00e3o e n\u00e3o varia ao longo do tempo.<\/p>\n<p><strong>Mercado externo <\/strong><\/p>\n<p>O estoque da D\u00edvida P\u00fablica Federal Externa (DPFe), captada do mercado internacional, aumentou 3,86%, passando de R$ 165,68 bilh\u00f5es para R$ 172,07 bilh\u00f5es entre dezembro de 2019 e janeiro deste ano. O principal motivo foi a alta de 5,92% do d\u00f3lar no m\u00eas passado. A moeda norte-americana \u00e9 o principal fator de corre\u00e7\u00e3o da d\u00edvida externa.<\/p>\n<p>A varia\u00e7\u00e3o do endividamento do Tesouro pode ocorrer por meio da oferta de t\u00edtulos p\u00fablicos em leil\u00f5es pela internet (Tesouro Direto) ou pela emiss\u00e3o direta.<\/p>\n<p>Al\u00e9m disso, pode ocorrer assinatura de contratos de empr\u00e9stimo para o Tesouro, tomado de uma institui\u00e7\u00e3o ou de um banco de fomento, destinado a financiar o desenvolvimento de uma determinada regi\u00e3o. A redu\u00e7\u00e3o do endividamento se d\u00e1, por exemplo, pelo resgate de t\u00edtulos, como observou-se ao longo do \u00faltimo m\u00eas.<\/p>\n<p><strong>Varia\u00e7\u00e3o da DPF <\/strong><\/p>\n<p>Este ano, a D\u00edvida P\u00fablica Federal (DPF) dever\u00e1 ficar entre R$ 4,5 trilh\u00f5es e R$ 4,75 trilh\u00f5es, segundo o Plano Anual de Financiamento (PAF) da d\u00edvida p\u00fablica para 2020, apresentado no m\u00eas passado.<\/p>\n<p>Os fundos de investimento seguem como principais detentores da D\u00edvida P\u00fablica Federal, com 26,95% de participa\u00e7\u00e3o no estoque. Os fundos de previd\u00eancia (25%) e as institui\u00e7\u00f5es financeiras (23,71%) aparecem em seguida, na lista de detentores da d\u00edvida.<\/p>\n<p>Os investidores n\u00e3o residentes (estrangeiros) apresentam aumento de participa\u00e7\u00e3o, atingindo 10,89% em janeiro. Os demais grupos somam 13,46% de participa\u00e7\u00e3o, segundo os dados apurados no m\u00eas.<\/p>\n<p>Em rela\u00e7\u00e3o \u00e0 composi\u00e7\u00e3o da DPF de acordo com os tipos de t\u00edtulos, os pap\u00e9is corrigidos por taxas flutuantes tiveram aumento de participa\u00e7\u00e3o e representam hoje 39,6% do total da d\u00edvida, seguidos pelos pap\u00e9is prefixados, que tiveram redu\u00e7\u00e3o na participa\u00e7\u00e3o (de 30,97%para 29,52%) devido principalmente ao resgate l\u00edquido em janeiro, acima de R$ 100 bilh\u00f5es.<\/p>\n<p>A participa\u00e7\u00e3o dos pap\u00e9is corrigidos pela infla\u00e7\u00e3o subiu de 26,04% para 26,6%. Os t\u00edtulos do grupo cambial, que sofrem varia\u00e7\u00e3o com base na taxa de c\u00e2mbio, tiveram sua participa\u00e7\u00e3o aumentada para 4,27% do montante total da DPF, principalmente por causa da alta do d\u00f3lar no m\u00eas passado.<\/p>\n<p>&nbsp;<\/p>\n<p><strong>Fonte:\u00a0<\/strong>Ag\u00eancia Brasil<\/p>\n","protected":false},"excerpt":{"rendered":"<p>A D\u00edvida P\u00fablica Federal (DPF) \u2013 que inclui o endividamento interno e externo do governo federal\u00a0 \u2013 apresentou redu\u00e7\u00e3o, em termos nominais, de 0,45% em janeiro, na compara\u00e7\u00e3o com dezembro de 2019, informou nessa semana, em Bras\u00edlia, a Secretaria do Tesouro Nacional (STN), do Minist\u00e9rio da Economia. O estoque passou de R$ 4,249 trilh\u00f5es para [&hellip;]<\/p>\n","protected":false},"author":96,"featured_media":155973,"comment_status":"closed","ping_status":"closed","sticky":false,"template":"","format":"standard","meta":{"footnotes":""},"categories":[436,261,439],"tags":[],"class_list":["post-155972","post","type-post","status-publish","format-standard","has-post-thumbnail","hentry","category-destaque-da-semana","category-economia","category-ultima-hora"],"_links":{"self":[{"href":"https:\/\/diarioregionaldigital.com.br\/index.php?rest_route=\/wp\/v2\/posts\/155972","targetHints":{"allow":["GET"]}}],"collection":[{"href":"https:\/\/diarioregionaldigital.com.br\/index.php?rest_route=\/wp\/v2\/posts"}],"about":[{"href":"https:\/\/diarioregionaldigital.com.br\/index.php?rest_route=\/wp\/v2\/types\/post"}],"author":[{"embeddable":true,"href":"https:\/\/diarioregionaldigital.com.br\/index.php?rest_route=\/wp\/v2\/users\/96"}],"replies":[{"embeddable":true,"href":"https:\/\/diarioregionaldigital.com.br\/index.php?rest_route=%2Fwp%2Fv2%2Fcomments&post=155972"}],"version-history":[{"count":0,"href":"https:\/\/diarioregionaldigital.com.br\/index.php?rest_route=\/wp\/v2\/posts\/155972\/revisions"}],"wp:featuredmedia":[{"embeddable":true,"href":"https:\/\/diarioregionaldigital.com.br\/index.php?rest_route=\/wp\/v2\/media\/155973"}],"wp:attachment":[{"href":"https:\/\/diarioregionaldigital.com.br\/index.php?rest_route=%2Fwp%2Fv2%2Fmedia&parent=155972"}],"wp:term":[{"taxonomy":"category","embeddable":true,"href":"https:\/\/diarioregionaldigital.com.br\/index.php?rest_route=%2Fwp%2Fv2%2Fcategories&post=155972"},{"taxonomy":"post_tag","embeddable":true,"href":"https:\/\/diarioregionaldigital.com.br\/index.php?rest_route=%2Fwp%2Fv2%2Ftags&post=155972"}],"curies":[{"name":"wp","href":"https:\/\/api.w.org\/{rel}","templated":true}]}}