{"id":155969,"date":"2020-02-28T08:00:44","date_gmt":"2020-02-28T11:00:44","guid":{"rendered":"https:\/\/diarioregionaldigital.com.br\/?p=155969"},"modified":"2020-02-27T19:21:28","modified_gmt":"2020-02-27T22:21:28","slug":"dados-de-emprego-em-janeiro-so-serao-divulgados-em-marco","status":"publish","type":"post","link":"https:\/\/diarioregionaldigital.com.br\/?p=155969","title":{"rendered":"Dados de emprego em janeiro s\u00f3 ser\u00e3o divulgados em mar\u00e7o"},"content":{"rendered":"<p>Principal indicador de cria\u00e7\u00e3o de empregos com carteira assinada, o Cadastro Geral de Empregados e Desempregados (Caged) passar\u00e1 a ser divulgado com dois meses de defasagem, anunciou a Secretaria Especial de Previd\u00eancia e Trabalho do Minist\u00e9rio da Economia. Com a mudan\u00e7a, os dados de janeiro s\u00f3 ser\u00e3o conhecidos na segunda quinzena de mar\u00e7o.<\/p>\n<p>O intervalo maior decorre da migra\u00e7\u00e3o do Caged para o Sistema de Escritura\u00e7\u00e3o Digital das Obriga\u00e7\u00f5es Fiscais, Previdenci\u00e1rias e Trabalhistas (eSocial), que entrou em vigor em janeiro. At\u00e9 ent\u00e3o, as contrata\u00e7\u00f5es e as demiss\u00f5es eram registradas no Caged at\u00e9 o dia 7 do m\u00eas seguinte. No eSocial, o prazo foi aumentado para o dia 15 do m\u00eas seguinte.<\/p>\n<p><strong>eSocial<\/strong><\/p>\n<p>Em janeiro, as empresas privadas passaram a registrar as contrata\u00e7\u00f5es e as demiss\u00f5es no eSocial, em vez de inserirem os dados no Caged e na Rela\u00e7\u00e3o Anual de Informa\u00e7\u00f5es Sociais (Rais). Os \u00f3rg\u00e3os p\u00fablicos e as entidades internacionais migrar\u00e3o para o sistema eletr\u00f4nico nos pr\u00f3ximos meses. Segundo o Minist\u00e9rio da Economia, a expectativa \u00e9 de que ningu\u00e9m mais precise preencher o Caged em 2021 e a Rais em 2022.<\/p>\n<p>O alongamento do prazo \u00e9 definitivo. Os resultados do emprego formal de fevereiro s\u00f3 ser\u00e3o divulgados na segunda quinzena de abril, com a defasagem mantida para os meses seguintes. Segundo o Minist\u00e9rio da Economia, a substitui\u00e7\u00e3o do Caged pelo eSocial pretende consolidar e simplificar obriga\u00e7\u00f5es aos empregadores.<\/p>\n<p>&nbsp;<\/p>\n<p><strong>Fonte:\u00a0<\/strong>Ag\u00eancia Brasil<\/p>\n","protected":false},"excerpt":{"rendered":"<p>Principal indicador de cria\u00e7\u00e3o de empregos com carteira assinada, o Cadastro Geral de Empregados e Desempregados (Caged) passar\u00e1 a ser divulgado com dois meses de defasagem, anunciou a Secretaria Especial de Previd\u00eancia e Trabalho do Minist\u00e9rio da Economia. Com a mudan\u00e7a, os dados de janeiro s\u00f3 ser\u00e3o conhecidos na segunda quinzena de mar\u00e7o. O intervalo [&hellip;]<\/p>\n","protected":false},"author":96,"featured_media":155970,"comment_status":"closed","ping_status":"closed","sticky":false,"template":"","format":"standard","meta":{"footnotes":""},"categories":[436,261,439],"tags":[],"class_list":["post-155969","post","type-post","status-publish","format-standard","has-post-thumbnail","hentry","category-destaque-da-semana","category-economia","category-ultima-hora"],"_links":{"self":[{"href":"https:\/\/diarioregionaldigital.com.br\/index.php?rest_route=\/wp\/v2\/posts\/155969","targetHints":{"allow":["GET"]}}],"collection":[{"href":"https:\/\/diarioregionaldigital.com.br\/index.php?rest_route=\/wp\/v2\/posts"}],"about":[{"href":"https:\/\/diarioregionaldigital.com.br\/index.php?rest_route=\/wp\/v2\/types\/post"}],"author":[{"embeddable":true,"href":"https:\/\/diarioregionaldigital.com.br\/index.php?rest_route=\/wp\/v2\/users\/96"}],"replies":[{"embeddable":true,"href":"https:\/\/diarioregionaldigital.com.br\/index.php?rest_route=%2Fwp%2Fv2%2Fcomments&post=155969"}],"version-history":[{"count":0,"href":"https:\/\/diarioregionaldigital.com.br\/index.php?rest_route=\/wp\/v2\/posts\/155969\/revisions"}],"wp:featuredmedia":[{"embeddable":true,"href":"https:\/\/diarioregionaldigital.com.br\/index.php?rest_route=\/wp\/v2\/media\/155970"}],"wp:attachment":[{"href":"https:\/\/diarioregionaldigital.com.br\/index.php?rest_route=%2Fwp%2Fv2%2Fmedia&parent=155969"}],"wp:term":[{"taxonomy":"category","embeddable":true,"href":"https:\/\/diarioregionaldigital.com.br\/index.php?rest_route=%2Fwp%2Fv2%2Fcategories&post=155969"},{"taxonomy":"post_tag","embeddable":true,"href":"https:\/\/diarioregionaldigital.com.br\/index.php?rest_route=%2Fwp%2Fv2%2Ftags&post=155969"}],"curies":[{"name":"wp","href":"https:\/\/api.w.org\/{rel}","templated":true}]}}