{"id":155967,"date":"2020-02-28T07:30:15","date_gmt":"2020-02-28T10:30:15","guid":{"rendered":"https:\/\/diarioregionaldigital.com.br\/?p=155967"},"modified":"2020-02-27T19:18:59","modified_gmt":"2020-02-27T22:18:59","slug":"paciente-internada-em-juiz-de-fora-e-tratada-como-caso-de-coronavirus","status":"publish","type":"post","link":"https:\/\/diarioregionaldigital.com.br\/?p=155967","title":{"rendered":"Paciente internada em Juiz de Fora \u00e9 tratada como caso de Coronavirus"},"content":{"rendered":"<p>Durante a entrevista coletiva realizada nessa tarde de quinta-feira (27), a Secretaria de Sa\u00fade do Estado de Minas Gerais (SES-MG) confirmou que o Minist\u00e9rio da Sa\u00fade trata o caso da paciente internado no Hospital Jo\u00e3o Penido de Juiz de Fora como caso de Coronavirus. No final da tarde dessa ter\u00e7a-feira (25), a paciente relatou que come\u00e7ou a apresentar sintomas como febre alta, dor de garganta e secre\u00e7\u00e3o clara. Nessa quarta-feira (26), a paciente foi transferida do Hospital Doutor Mozart Teixeira (HPS) para o Jo\u00e3o Penido com sintomas do Coronav\u00edrus. A mesma disse que fez uma viagem \u00e0 It\u00e1lia neste m\u00eas de fevereiro e come\u00e7ou a passar mal ainda em solo italiano. Ap\u00f3s retornar ao Brasil, recebeu orienta\u00e7\u00f5es de profissionais da sa\u00fade. A paciente passou por exames e as amostras foram encaminhadas para avalia\u00e7\u00e3o em Belo Horizonte. Atrav\u00e9s de uma nota, o SAMU declarou que a paciente estar\u00e1 em observa\u00e7\u00e3o e que \u201cO poss\u00edvel vazamento de quaisquer informa\u00e7\u00f5es de prontu\u00e1rios m\u00e9dicos dos atendimentos n\u00e3o est\u00e1 em conson\u00e2ncia com as legisla\u00e7\u00f5es espec\u00edficas dos Conselhos de Medicina e de Enfermagem, assim como o regimento interno do SAMU 192 CISDESTE veda a distribui\u00e7\u00e3o\/veicula\u00e7\u00e3o ou compartilhamento de fotos,\u00a0 de informa\u00e7\u00e3o das ocorr\u00eancias. Poss\u00edveis desvios ser\u00e3o apurados\u201d.<br \/>\n<strong>O que \u00e9 o novo Coronav\u00edrus? <\/strong><br \/>\n\u00c9 um novo v\u00edrus que tem causado doen\u00e7a respirat\u00f3ria pelo agente coronav\u00edrus, com casos recentemente registrados na China. Importante saber que os coronav\u00edrus s\u00e3o uma grande fam\u00edlia viral, conhecidos desde meados de 1960, que causam infec\u00e7\u00f5es respirat\u00f3rias em seres humanos e em animais.<br \/>\nGeralmente, infec\u00e7\u00f5es por coronav\u00edrus causam doen\u00e7as respirat\u00f3rias leves a moderadas, semelhantes a um resfriado comum. Alguns coronav\u00edrus podem causar doen\u00e7as graves com impacto importante em termos de sa\u00fade p\u00fablica, como a S\u00edndrome Respirat\u00f3ria Aguda Grave (SARS), identificada em 2002 e a S\u00edndrome Respirat\u00f3ria do Oriente M\u00e9dio (MERS), identificada em 2012.<\/p>\n<p><strong>Quais s\u00e3o os sintomas? <\/strong><br \/>\nOs sinais e sintomas cl\u00ednicos do novo coronav\u00edrus s\u00e3o principalmente respirat\u00f3rios, semelhantes a um resfriado. Podem, tamb\u00e9m, causar infec\u00e7\u00e3o do trato respirat\u00f3rio inferior, como as pneumonias.<\/p>\n<p>Os principais s\u00e3o sintomas s\u00e3o:<\/p>\n<p>&#8211; Febre.<\/p>\n<p>&#8211; Tosse.<\/p>\n<p>&#8211; Dificuldade para respirar.<\/p>\n<p><strong>Como a doen\u00e7a \u00e9 transmitida? <\/strong><br \/>\nAs investiga\u00e7\u00f5es sobre transmiss\u00e3o do novo coronav\u00edrus ainda est\u00e3o em andamento, mas a dissemina\u00e7\u00e3o de pessoa para pessoa, ou seja, a contamina\u00e7\u00e3o por contato, est\u00e1 ocorrendo. Ainda n\u00e3o est\u00e1 claro, no entanto, com que facilidade o novo coronav\u00edrus se espalha de pessoa para pessoa. A transmiss\u00e3o costuma ocorrer pelo ar ou por contato pessoal com secre\u00e7\u00f5es contaminadas, como: got\u00edculas de saliva, espirro, tosse, catarro, contato pessoal pr\u00f3ximo, como toque ou aperto de m\u00e3o, contato com objetos ou superf\u00edcies contaminadas, seguido de contato com a boca, nariz ou olhos.<\/p>\n","protected":false},"excerpt":{"rendered":"<p>Durante a entrevista coletiva realizada nessa tarde de quinta-feira (27), a Secretaria de Sa\u00fade do Estado de Minas Gerais (SES-MG) confirmou que o Minist\u00e9rio da Sa\u00fade trata o caso da paciente internado no Hospital Jo\u00e3o Penido de Juiz de Fora como caso de Coronavirus. No final da tarde dessa ter\u00e7a-feira (25), a paciente relatou que [&hellip;]<\/p>\n","protected":false},"author":96,"featured_media":153903,"comment_status":"closed","ping_status":"closed","sticky":false,"template":"","format":"standard","meta":{"footnotes":""},"categories":[253,436,440,439],"tags":[],"class_list":["post-155967","post","type-post","status-publish","format-standard","has-post-thumbnail","hentry","category-cidade","category-destaque-da-semana","category-destaques-do-dia","category-ultima-hora"],"_links":{"self":[{"href":"https:\/\/diarioregionaldigital.com.br\/index.php?rest_route=\/wp\/v2\/posts\/155967","targetHints":{"allow":["GET"]}}],"collection":[{"href":"https:\/\/diarioregionaldigital.com.br\/index.php?rest_route=\/wp\/v2\/posts"}],"about":[{"href":"https:\/\/diarioregionaldigital.com.br\/index.php?rest_route=\/wp\/v2\/types\/post"}],"author":[{"embeddable":true,"href":"https:\/\/diarioregionaldigital.com.br\/index.php?rest_route=\/wp\/v2\/users\/96"}],"replies":[{"embeddable":true,"href":"https:\/\/diarioregionaldigital.com.br\/index.php?rest_route=%2Fwp%2Fv2%2Fcomments&post=155967"}],"version-history":[{"count":0,"href":"https:\/\/diarioregionaldigital.com.br\/index.php?rest_route=\/wp\/v2\/posts\/155967\/revisions"}],"wp:featuredmedia":[{"embeddable":true,"href":"https:\/\/diarioregionaldigital.com.br\/index.php?rest_route=\/wp\/v2\/media\/153903"}],"wp:attachment":[{"href":"https:\/\/diarioregionaldigital.com.br\/index.php?rest_route=%2Fwp%2Fv2%2Fmedia&parent=155967"}],"wp:term":[{"taxonomy":"category","embeddable":true,"href":"https:\/\/diarioregionaldigital.com.br\/index.php?rest_route=%2Fwp%2Fv2%2Fcategories&post=155967"},{"taxonomy":"post_tag","embeddable":true,"href":"https:\/\/diarioregionaldigital.com.br\/index.php?rest_route=%2Fwp%2Fv2%2Ftags&post=155967"}],"curies":[{"name":"wp","href":"https:\/\/api.w.org\/{rel}","templated":true}]}}