{"id":155964,"date":"2020-02-28T07:00:22","date_gmt":"2020-02-28T10:00:22","guid":{"rendered":"https:\/\/diarioregionaldigital.com.br\/?p=155964"},"modified":"2020-02-27T19:09:53","modified_gmt":"2020-02-27T22:09:53","slug":"preco-da-cesta-basica-regional-tem-queda-de-168","status":"publish","type":"post","link":"https:\/\/diarioregionaldigital.com.br\/?p=155964","title":{"rendered":"Pre\u00e7o da cesta b\u00e1sica regional tem queda de 1,68%"},"content":{"rendered":"<p>A pesquisa semanal de pre\u00e7os realizada pela Secretaria de Desenvolvimento Econ\u00f4mico, Turismo e Agropecu\u00e1ria (Sedeta) da Prefeitura de Juiz de Fora (PJF), divulgada nesta quinta-feira, 27, revelou queda de 1,68% no pre\u00e7o da cesta b\u00e1sica regional, que passou de R$ 386,67 para R$ 380,17. O valor atual representa 41,41% do sal\u00e1rio m\u00ednimo, o equivalente a 12 dias de trabalho.<\/p>\n<p>Considerando uma fam\u00edlia com quatro pessoas, sendo duas adultas e duas crian\u00e7as, e levando em conta a propor\u00e7\u00e3o de duas crian\u00e7as por uma pessoa adulta, o gasto ser\u00e1 de R$ 1.140,52, conforme c\u00e1lculo realizado pelo Departamento Intersindical de Estat\u00edsticas e Estudos Socioecon\u00f4mico (Dieese) e pela Sedeta.<\/p>\n<p>&nbsp;<\/p>\n<p><strong>Maiores altas:<\/strong> folhosos (12,05%), farinha de trigo (7,39%), frango resfriado (6,24%)<\/p>\n<p>&nbsp;<\/p>\n<p><strong>Maiores quedas:<\/strong> macarr\u00e3o espaguete (-16,14%), batata-inglesa (-12,32%), cebola (-12,28%).<\/p>\n<p>&nbsp;<\/p>\n<p><strong>Fonte:\u00a0<\/strong>Assessoria<\/p>\n","protected":false},"excerpt":{"rendered":"<p>A pesquisa semanal de pre\u00e7os realizada pela Secretaria de Desenvolvimento Econ\u00f4mico, Turismo e Agropecu\u00e1ria (Sedeta) da Prefeitura de Juiz de Fora (PJF), divulgada nesta quinta-feira, 27, revelou queda de 1,68% no pre\u00e7o da cesta b\u00e1sica regional, que passou de R$ 386,67 para R$ 380,17. O valor atual representa 41,41% do sal\u00e1rio m\u00ednimo, o equivalente a [&hellip;]<\/p>\n","protected":false},"author":96,"featured_media":155965,"comment_status":"closed","ping_status":"closed","sticky":false,"template":"","format":"standard","meta":{"footnotes":""},"categories":[253,436,439],"tags":[],"class_list":["post-155964","post","type-post","status-publish","format-standard","has-post-thumbnail","hentry","category-cidade","category-destaque-da-semana","category-ultima-hora"],"_links":{"self":[{"href":"https:\/\/diarioregionaldigital.com.br\/index.php?rest_route=\/wp\/v2\/posts\/155964","targetHints":{"allow":["GET"]}}],"collection":[{"href":"https:\/\/diarioregionaldigital.com.br\/index.php?rest_route=\/wp\/v2\/posts"}],"about":[{"href":"https:\/\/diarioregionaldigital.com.br\/index.php?rest_route=\/wp\/v2\/types\/post"}],"author":[{"embeddable":true,"href":"https:\/\/diarioregionaldigital.com.br\/index.php?rest_route=\/wp\/v2\/users\/96"}],"replies":[{"embeddable":true,"href":"https:\/\/diarioregionaldigital.com.br\/index.php?rest_route=%2Fwp%2Fv2%2Fcomments&post=155964"}],"version-history":[{"count":0,"href":"https:\/\/diarioregionaldigital.com.br\/index.php?rest_route=\/wp\/v2\/posts\/155964\/revisions"}],"wp:featuredmedia":[{"embeddable":true,"href":"https:\/\/diarioregionaldigital.com.br\/index.php?rest_route=\/wp\/v2\/media\/155965"}],"wp:attachment":[{"href":"https:\/\/diarioregionaldigital.com.br\/index.php?rest_route=%2Fwp%2Fv2%2Fmedia&parent=155964"}],"wp:term":[{"taxonomy":"category","embeddable":true,"href":"https:\/\/diarioregionaldigital.com.br\/index.php?rest_route=%2Fwp%2Fv2%2Fcategories&post=155964"},{"taxonomy":"post_tag","embeddable":true,"href":"https:\/\/diarioregionaldigital.com.br\/index.php?rest_route=%2Fwp%2Fv2%2Ftags&post=155964"}],"curies":[{"name":"wp","href":"https:\/\/api.w.org\/{rel}","templated":true}]}}