{"id":155961,"date":"2020-02-28T06:30:56","date_gmt":"2020-02-28T09:30:56","guid":{"rendered":"https:\/\/diarioregionaldigital.com.br\/?p=155961"},"modified":"2020-02-27T19:07:44","modified_gmt":"2020-02-27T22:07:44","slug":"pjf-disponibiliza-comprovante-de-rendimentos-on-line-para-servidores","status":"publish","type":"post","link":"https:\/\/diarioregionaldigital.com.br\/?p=155961","title":{"rendered":"PJF disponibiliza comprovante de rendimentos on-line para servidores"},"content":{"rendered":"<p>Os servidores da Prefeitura de Juiz de Fora (PJF) j\u00e1 podem consultar e imprimir o comprovante anual de rendimentos referente ao exerc\u00edcio de 2019. O documento, utilizado para declara\u00e7\u00e3o do Imposto de Renda, est\u00e1 dispon\u00edvel de forma on-line atrav\u00e9s do site da PJF. O acesso deve ser feito pelo endere\u00e7o www.pjf.mg.gov.br\/contracheque , informando o n\u00famero do Cadastro de Pessoa F\u00edsica (CPF), a senha \u201cEu sou a Prefeitura\u201d e o c\u00f3digo dispon\u00edvel no momento. Ap\u00f3s o login, clicar a aba \u201cComprovante de Rendimentos\u201d, na parte superior do site. O prazo para apresenta\u00e7\u00e3o da declara\u00e7\u00e3o \u00e0 Receita Federal come\u00e7a nesta segunda-feira (2).<\/p>\n<p>&nbsp;<\/p>\n<p><strong>Aposentados e pensionistas do INSS<\/strong><\/p>\n<p>O comprovante de rendimentos disponibilizado pela PJF para os aposentados e pensionistas inclu\u00eddos no conv\u00eanio com o Instituto Nacional de Seguridade Social (INSS) conter\u00e1 somente os valores referentes \u00e0 complementa\u00e7\u00e3o paga pelo Munic\u00edpio. As demais informa\u00e7\u00f5es dever\u00e3o ser verificadas diretamente no INSS.<\/p>\n<p>&nbsp;<\/p>\n<p><strong>Sa\u00fade Servidor<\/strong><\/p>\n<p>Os extratos de contribui\u00e7\u00e3o referentes ao Plano de Aten\u00e7\u00e3o \u00e0 Sa\u00fade (Sa\u00fade Servidor) ser\u00e3o disponibilizados separadamente e poder\u00e3o ser conferidos no link . O servidor deve informar a numera\u00e7\u00e3o do CPF em login e, caso seja o primeiro acesso, a senha &#8220;pjf123&#8221;, para, em seguida, registrar outra senha. Efetuado o acesso, deve-se clicar na aba &#8220;Relat\u00f3rio&#8221;, em seguida &#8220;Coparticipa\u00e7\u00e3o&#8221; e, por \u00faltimo, &#8220;Informe de Pagamento&#8221;. Os participantes que contribuem fora da folha de pagamento devem procurar a sede do Sa\u00fade Servidor (Rua Marechal Deodoro, 230, 6\u00ba andar, Centro) para solicitar pessoalmente o extrato.<\/p>\n<p>&nbsp;<\/p>\n<p><strong>Fonte:\u00a0<\/strong>Assessoria<\/p>\n","protected":false},"excerpt":{"rendered":"<p>Os servidores da Prefeitura de Juiz de Fora (PJF) j\u00e1 podem consultar e imprimir o comprovante anual de rendimentos referente ao exerc\u00edcio de 2019. O documento, utilizado para declara\u00e7\u00e3o do Imposto de Renda, est\u00e1 dispon\u00edvel de forma on-line atrav\u00e9s do site da PJF. O acesso deve ser feito pelo endere\u00e7o www.pjf.mg.gov.br\/contracheque , informando o n\u00famero [&hellip;]<\/p>\n","protected":false},"author":96,"featured_media":155962,"comment_status":"closed","ping_status":"closed","sticky":false,"template":"","format":"standard","meta":{"footnotes":""},"categories":[253,436,440,439],"tags":[],"class_list":["post-155961","post","type-post","status-publish","format-standard","has-post-thumbnail","hentry","category-cidade","category-destaque-da-semana","category-destaques-do-dia","category-ultima-hora"],"_links":{"self":[{"href":"https:\/\/diarioregionaldigital.com.br\/index.php?rest_route=\/wp\/v2\/posts\/155961","targetHints":{"allow":["GET"]}}],"collection":[{"href":"https:\/\/diarioregionaldigital.com.br\/index.php?rest_route=\/wp\/v2\/posts"}],"about":[{"href":"https:\/\/diarioregionaldigital.com.br\/index.php?rest_route=\/wp\/v2\/types\/post"}],"author":[{"embeddable":true,"href":"https:\/\/diarioregionaldigital.com.br\/index.php?rest_route=\/wp\/v2\/users\/96"}],"replies":[{"embeddable":true,"href":"https:\/\/diarioregionaldigital.com.br\/index.php?rest_route=%2Fwp%2Fv2%2Fcomments&post=155961"}],"version-history":[{"count":0,"href":"https:\/\/diarioregionaldigital.com.br\/index.php?rest_route=\/wp\/v2\/posts\/155961\/revisions"}],"wp:featuredmedia":[{"embeddable":true,"href":"https:\/\/diarioregionaldigital.com.br\/index.php?rest_route=\/wp\/v2\/media\/155962"}],"wp:attachment":[{"href":"https:\/\/diarioregionaldigital.com.br\/index.php?rest_route=%2Fwp%2Fv2%2Fmedia&parent=155961"}],"wp:term":[{"taxonomy":"category","embeddable":true,"href":"https:\/\/diarioregionaldigital.com.br\/index.php?rest_route=%2Fwp%2Fv2%2Fcategories&post=155961"},{"taxonomy":"post_tag","embeddable":true,"href":"https:\/\/diarioregionaldigital.com.br\/index.php?rest_route=%2Fwp%2Fv2%2Ftags&post=155961"}],"curies":[{"name":"wp","href":"https:\/\/api.w.org\/{rel}","templated":true}]}}