{"id":155958,"date":"2020-02-28T06:00:48","date_gmt":"2020-02-28T09:00:48","guid":{"rendered":"https:\/\/diarioregionaldigital.com.br\/?p=155958"},"modified":"2020-02-27T19:08:13","modified_gmt":"2020-02-27T22:08:13","slug":"iptu-2020-reclamacao-contra-o-lancamento-pode-ser-feita-ate-10-de-marco","status":"publish","type":"post","link":"https:\/\/diarioregionaldigital.com.br\/?p=155958","title":{"rendered":"IPTU 2020 \u2013 Reclama\u00e7\u00e3o Contra o Lan\u00e7amento pode ser feita at\u00e9 10 de mar\u00e7o"},"content":{"rendered":"<p>Est\u00e1 aberto at\u00e9 10 de mar\u00e7o o per\u00edodo de Reclama\u00e7\u00e3o Contra o Lan\u00e7amento (RCL) do Imposto Predial e Territorial Urbano (IPTU) 2020. Quem tiver interesse na revis\u00e3o dever\u00e1 procurar o Espa\u00e7o Cidad\u00e3o JF, na Avenida Bar\u00e3o do Rio Branco, 2.234, Centro, Parque Halfeld, das 8 \u00e0s 18 horas, munido do carn\u00ea do ano vigente e de documentos que comprovem os dados que est\u00e3o sendo objeto do pedido de revis\u00e3o. Caso seja constatada a incorre\u00e7\u00e3o, o propriet\u00e1rio do im\u00f3vel ou representante legal (mediante procura\u00e7\u00e3o) dever\u00e1 protocolar a RCL. Tamb\u00e9m em 10 de mar\u00e7o, vence a primeira parcela do IPTU 2020 para quem optou pelo pagamento em dez vezes.<\/p>\n<p>Quem n\u00e3o recebeu o carn\u00ea pelos Correios poder\u00e1 obter o documento presencialmente, no Espa\u00e7o Cidad\u00e3o JF ou nos centros regionais (veja os endere\u00e7os abaixo), munido do n\u00famero da inscri\u00e7\u00e3o do im\u00f3vel ou do documento anterior. Quem n\u00e3o tiver o n\u00famero da inscri\u00e7\u00e3o do im\u00f3vel, dever\u00e1 obt\u00ea-lo na Secretaria de Meio Ambiente e Ordenamento Urbano (Semaur), na Avenida Bar\u00e3o do Rio Branco, 1.843, 1\u00ba andar, com um documento de propriedade do im\u00f3vel.<\/p>\n<p>&nbsp;<\/p>\n<p><strong>Multas por atraso<\/strong><\/p>\n<p>&nbsp;<\/p>\n<p>No caso de atraso de at\u00e9 15 dias no pagamento, a multa ser\u00e1 de 2% sobre o valor total do imposto; de 16 a 30 dias, 4%; de 31 a 45 dias, 8%; acima de 45 dias, 15%. Para os que estiverem inscritos em D\u00edvida Ativa (DA), a multa \u00e9 de 20%. Os juros de mora de 1% ao m\u00eas incidem ap\u00f3s a inscri\u00e7\u00e3o do d\u00e9bito na DA do munic\u00edp<\/p>\n<p><em>Endere\u00e7os do Espa\u00e7o Cidad\u00e3o JF e dos centros regionais:<\/em><\/p>\n<p>&#8211; Espa\u00e7o Cidad\u00e3o JF (Avenida Bar\u00e3o do Rio Branco, 2.234, Centro, Parque Halfeld);<\/p>\n<p>&#8211; Centro Regional Sul (Rua Porto das Flores, 270, Bairro Santa Luzia);<\/p>\n<p>&#8211; Centro Regional Norte (Rua In\u00eas Garcia, 357, Benfica);<\/p>\n<p>&#8211; Centro Regional Oeste (Rua Orestes Fabiano Alves, 67, S\u00e3o Pedro);<\/p>\n<p>&#8211; Centro Regional Nordeste (Rua Santa Terezinha, 172, Bairro Santa Terezinha).<\/p>\n<p>&nbsp;<\/p>\n<p><strong>Fonte:\u00a0<\/strong>Assessoria<\/p>\n","protected":false},"excerpt":{"rendered":"<p>Est\u00e1 aberto at\u00e9 10 de mar\u00e7o o per\u00edodo de Reclama\u00e7\u00e3o Contra o Lan\u00e7amento (RCL) do Imposto Predial e Territorial Urbano (IPTU) 2020. Quem tiver interesse na revis\u00e3o dever\u00e1 procurar o Espa\u00e7o Cidad\u00e3o JF, na Avenida Bar\u00e3o do Rio Branco, 2.234, Centro, Parque Halfeld, das 8 \u00e0s 18 horas, munido do carn\u00ea do ano vigente e [&hellip;]<\/p>\n","protected":false},"author":96,"featured_media":155959,"comment_status":"closed","ping_status":"closed","sticky":false,"template":"","format":"standard","meta":{"footnotes":""},"categories":[253,436,440,439],"tags":[],"class_list":["post-155958","post","type-post","status-publish","format-standard","has-post-thumbnail","hentry","category-cidade","category-destaque-da-semana","category-destaques-do-dia","category-ultima-hora"],"_links":{"self":[{"href":"https:\/\/diarioregionaldigital.com.br\/index.php?rest_route=\/wp\/v2\/posts\/155958","targetHints":{"allow":["GET"]}}],"collection":[{"href":"https:\/\/diarioregionaldigital.com.br\/index.php?rest_route=\/wp\/v2\/posts"}],"about":[{"href":"https:\/\/diarioregionaldigital.com.br\/index.php?rest_route=\/wp\/v2\/types\/post"}],"author":[{"embeddable":true,"href":"https:\/\/diarioregionaldigital.com.br\/index.php?rest_route=\/wp\/v2\/users\/96"}],"replies":[{"embeddable":true,"href":"https:\/\/diarioregionaldigital.com.br\/index.php?rest_route=%2Fwp%2Fv2%2Fcomments&post=155958"}],"version-history":[{"count":0,"href":"https:\/\/diarioregionaldigital.com.br\/index.php?rest_route=\/wp\/v2\/posts\/155958\/revisions"}],"wp:featuredmedia":[{"embeddable":true,"href":"https:\/\/diarioregionaldigital.com.br\/index.php?rest_route=\/wp\/v2\/media\/155959"}],"wp:attachment":[{"href":"https:\/\/diarioregionaldigital.com.br\/index.php?rest_route=%2Fwp%2Fv2%2Fmedia&parent=155958"}],"wp:term":[{"taxonomy":"category","embeddable":true,"href":"https:\/\/diarioregionaldigital.com.br\/index.php?rest_route=%2Fwp%2Fv2%2Fcategories&post=155958"},{"taxonomy":"post_tag","embeddable":true,"href":"https:\/\/diarioregionaldigital.com.br\/index.php?rest_route=%2Fwp%2Fv2%2Ftags&post=155958"}],"curies":[{"name":"wp","href":"https:\/\/api.w.org\/{rel}","templated":true}]}}