{"id":155952,"date":"2020-02-27T19:01:33","date_gmt":"2020-02-27T22:01:33","guid":{"rendered":"https:\/\/diarioregionaldigital.com.br\/?p=155952"},"modified":"2020-02-27T19:01:33","modified_gmt":"2020-02-27T22:01:33","slug":"flamengo-bate-o-independiente-del-valle-e-fica-com-o-titulo-da-recopa","status":"publish","type":"post","link":"https:\/\/diarioregionaldigital.com.br\/?p=155952","title":{"rendered":"Flamengo bate o Independiente del Valle e fica com o t\u00edtulo da Recopa"},"content":{"rendered":"<p>Mais um t\u00edtulo para a conta do Rubro-Negro! Depois de empatar o primeiro jogo da Recopa Sul-Americana diante do Independiente del Valle, o Flamengo contou com a for\u00e7a de um Maracan\u00e3 lotado para vencer os equatorianos por 3 a 0 e faturar mais uma ta\u00e7a em 2020. Gabigol e Gerson (x2) marcaram os gols da equipe carioca nesta quarta-feira, que de cinzas n\u00e3o teve nada para o torcedor rubro-negro.<\/p>\n<p>Como de costume, hoje tamb\u00e9m teve. Aos 18 minutos do primeiro tempo, Gabigol abriu a contagem para o Flamengo. Com oportunismo de artilheiro, o atacante aproveitou uma falha da defesa advers\u00e1ria para fazer 1 a 0. A euforia do gol, no entanto, durou pouco. Cinco minutos depois, Willian Ar\u00e3o recebeu cart\u00e3o vermelho por uma falta em Caicedo. Mesmo com um a menos durante boa parte da partida, o Rubro-Negro n\u00e3o se desesperou.<\/p>\n<p>Com a torcida jogando junto, a equipe carioca se fechou bem na defesa e soube aproveitar as oportunidades para ampliar a vantagem. Aos 16 do segundo tempo, ap\u00f3s boa jogada de Gabigol, Gerson pegou a sobra dentro da \u00e1rea para estufar as redes. Minutos antes do apito final, em contra-ataque de almanaque, o camisa 8 fez o segundo dele no jogo e fechou a conta no Maraca: 3 a 0.<\/p>\n<p>\u2013 Jogo muito dif\u00edcil. Tivemos um jogador expulso, o time soube se comportar, marcar, quando teve chance no contra-ataque tivemos a compet\u00eancia de matar o jogo. Estou muito feliz, dois gols, artilheiro, com um a menos ainda \u2013 falou o volante ap\u00f3s o duelo.<\/p>\n<p>Outro destaque do Rubro-Negro na partida decisiva, Gabigol anotou seu 30\u00ba tento no novo Maracan\u00e3. O n\u00famero coloca o atacante no topo da artilharia junto com Fred, desde a reinaugura\u00e7\u00e3o do est\u00e1dio, em 2013. Al\u00e9m da marca pessoal, o camisa 9 participou ativamente de todos os gols do Fla na vit\u00f3ria desta quarta-feira.<\/p>\n<p>\u2013 Me sinto muito bem aqui no Maracan\u00e3, mas obviamente que meus companheiros me ajudam muito. \u00c9 muito bom jogar aqui com a camisa do Flamengo, fazer gol e ser campe\u00e3o. Eu sempre jogo para os meus companheiros, nunca penso individualmente. Hoje n\u00f3s ficamos com um a menos o jogo todo praticamente, ent\u00e3o eu tive outras fun\u00e7\u00f5es como segurar a bola e dar assist\u00eancias, que bom que deu tudo certo\u00a0\u2013 comentou o artilheiro.<\/p>\n<p>&nbsp;<\/p>\n<p><strong>Fonte:<\/strong>\u00a0CBF<\/p>\n","protected":false},"excerpt":{"rendered":"<p>Mais um t\u00edtulo para a conta do Rubro-Negro! Depois de empatar o primeiro jogo da Recopa Sul-Americana diante do Independiente del Valle, o Flamengo contou com a for\u00e7a de um Maracan\u00e3 lotado para vencer os equatorianos por 3 a 0 e faturar mais uma ta\u00e7a em 2020. Gabigol e Gerson (x2) marcaram os gols da [&hellip;]<\/p>\n","protected":false},"author":96,"featured_media":155953,"comment_status":"closed","ping_status":"closed","sticky":false,"template":"","format":"standard","meta":{"footnotes":""},"categories":[436,257,439],"tags":[],"class_list":["post-155952","post","type-post","status-publish","format-standard","has-post-thumbnail","hentry","category-destaque-da-semana","category-esporte","category-ultima-hora"],"_links":{"self":[{"href":"https:\/\/diarioregionaldigital.com.br\/index.php?rest_route=\/wp\/v2\/posts\/155952","targetHints":{"allow":["GET"]}}],"collection":[{"href":"https:\/\/diarioregionaldigital.com.br\/index.php?rest_route=\/wp\/v2\/posts"}],"about":[{"href":"https:\/\/diarioregionaldigital.com.br\/index.php?rest_route=\/wp\/v2\/types\/post"}],"author":[{"embeddable":true,"href":"https:\/\/diarioregionaldigital.com.br\/index.php?rest_route=\/wp\/v2\/users\/96"}],"replies":[{"embeddable":true,"href":"https:\/\/diarioregionaldigital.com.br\/index.php?rest_route=%2Fwp%2Fv2%2Fcomments&post=155952"}],"version-history":[{"count":0,"href":"https:\/\/diarioregionaldigital.com.br\/index.php?rest_route=\/wp\/v2\/posts\/155952\/revisions"}],"wp:featuredmedia":[{"embeddable":true,"href":"https:\/\/diarioregionaldigital.com.br\/index.php?rest_route=\/wp\/v2\/media\/155953"}],"wp:attachment":[{"href":"https:\/\/diarioregionaldigital.com.br\/index.php?rest_route=%2Fwp%2Fv2%2Fmedia&parent=155952"}],"wp:term":[{"taxonomy":"category","embeddable":true,"href":"https:\/\/diarioregionaldigital.com.br\/index.php?rest_route=%2Fwp%2Fv2%2Fcategories&post=155952"},{"taxonomy":"post_tag","embeddable":true,"href":"https:\/\/diarioregionaldigital.com.br\/index.php?rest_route=%2Fwp%2Fv2%2Ftags&post=155952"}],"curies":[{"name":"wp","href":"https:\/\/api.w.org\/{rel}","templated":true}]}}