{"id":155947,"date":"2020-02-27T15:28:12","date_gmt":"2020-02-27T18:28:12","guid":{"rendered":"https:\/\/diarioregionaldigital.com.br\/?p=155947"},"modified":"2020-02-27T15:28:12","modified_gmt":"2020-02-27T18:28:12","slug":"selecao-masculina-de-basquete-volta-a-vencer-o-uruguai-e-segue-100-nas-eliminatorias-da-americup","status":"publish","type":"post","link":"https:\/\/diarioregionaldigital.com.br\/?p=155947","title":{"rendered":"Sele\u00e7\u00e3o masculina de basquete volta a vencer o Uruguai e segue 100% nas eliminat\u00f3rias da AmeriCup"},"content":{"rendered":"<p>&nbsp;<\/p>\n<p><span style=\"font-weight: 400;\">A sele\u00e7\u00e3o brasileira masculina de basquete fechou a primeira janela das Eliminat\u00f3rias da AmeriCup com 100% de aproveitamento. Ap\u00f3s vencer o Uruguai em S\u00e3o Jos\u00e9 dos Pinhais por 83 a 72, os brasileiros voltaram \u00e0 quadra em Montevid\u00e9u, e fizeram 83 a 76, na prorroga\u00e7\u00e3o, ap\u00f3s igualdade em 68 a 68. Com os dois resultados, o Brasil fica bem pr\u00f3ximo da classifica\u00e7\u00e3o para a AmeriCup de 2021, quando j\u00e1 come\u00e7ar\u00e1 a pensar no ciclo para os Jogos Ol\u00edmpicos Paris 2024.<\/span><\/p>\n<p>&nbsp;<\/p>\n<p><span style=\"font-weight: 400;\">&#8220;Estava um pouco nervoso no primeiro jogo e isso me atrapalhou. \u00c9 a primeira vez que sou convocado pelo Petrovic. Mas conversamos para essa segunda partida e me soltei mais. \u00c9 diferente de jogar no meu clube, onde atuo quase 40 minutos. Aqui tenho menos minutos e, neste tempo que estou em quadra, preciso dar o meu melhor e estar sempre com a energia alta&#8221;, disse Georginho.<\/span><\/p>\n<p><span style=\"font-weight: 400;\">Em junho deste ano, a sele\u00e7\u00e3o se re\u00fane para o Pr\u00e9-ol\u00edmpico de Split (Cro\u00e1cia), quando buscar\u00e1 uma vaga em T\u00f3quio 2020. O torneio ser\u00e1 jogado entre 23 e 28 de junho e apenas o campe\u00e3o garante vaga no Jap\u00e3o. A sele\u00e7\u00e3o estreia contra a Tun\u00edsia e depois pega a Cro\u00e1cia. Se avan\u00e7ar para a semifinal, cruza com M\u00e9xico, Alemanha ou R\u00fassia.<\/span><\/p>\n<p><span style=\"font-weight: 400;\">Nesta partida, Georginho, com 18 pontos, cinco assist\u00eancias e tr\u00eas rebotes, foi um dos destaques do jogo. O ala do S\u00e3o Paulo meteu a bola decisiva, na prorroga\u00e7\u00e3o, quando o Brasil vencia por 77 a 76, a 40 segundos do fim. O armador Yago tamb\u00e9m foi importante no duelo, terminando com 17 pontos, dois rebotes e duas assist\u00eancias. L\u00e9o Dem\u00e9trio, por sua vez, teve 11 pontos e seis rebotes.<\/span><\/p>\n<p><span style=\"font-weight: 400;\">O Brasil volta a jogar pelas Eliminat\u00f3rias da AmeriCup em novembro, quando faz duas partidas dentro de casa, diante de Paraguai e Panam\u00e1, ainda sem local definido. O primeiro jogo ser\u00e1 no dia 26 de novembro, contra o Panam\u00e1. E o segundo no dia 29, diante do Paraguai. Depois, fecha as Eliminat\u00f3rias em fevereiro de 2021, contra os mesmos rivais, mas fora de seus dom\u00ednios, em 19 e 22 de fevereiro de 2021.<\/span><\/p>\n<p>&nbsp;<\/p>\n<p><strong>Fonte:<\/strong>\u00a0CBB<\/p>\n","protected":false},"excerpt":{"rendered":"<p>&nbsp; A sele\u00e7\u00e3o brasileira masculina de basquete fechou a primeira janela das Eliminat\u00f3rias da AmeriCup com 100% de aproveitamento. Ap\u00f3s vencer o Uruguai em S\u00e3o Jos\u00e9 dos Pinhais por 83 a 72, os brasileiros voltaram \u00e0 quadra em Montevid\u00e9u, e fizeram 83 a 76, na prorroga\u00e7\u00e3o, ap\u00f3s igualdade em 68 a 68. Com os dois [&hellip;]<\/p>\n","protected":false},"author":96,"featured_media":155948,"comment_status":"closed","ping_status":"closed","sticky":false,"template":"","format":"standard","meta":{"footnotes":""},"categories":[436,257,439],"tags":[],"class_list":["post-155947","post","type-post","status-publish","format-standard","has-post-thumbnail","hentry","category-destaque-da-semana","category-esporte","category-ultima-hora"],"_links":{"self":[{"href":"https:\/\/diarioregionaldigital.com.br\/index.php?rest_route=\/wp\/v2\/posts\/155947","targetHints":{"allow":["GET"]}}],"collection":[{"href":"https:\/\/diarioregionaldigital.com.br\/index.php?rest_route=\/wp\/v2\/posts"}],"about":[{"href":"https:\/\/diarioregionaldigital.com.br\/index.php?rest_route=\/wp\/v2\/types\/post"}],"author":[{"embeddable":true,"href":"https:\/\/diarioregionaldigital.com.br\/index.php?rest_route=\/wp\/v2\/users\/96"}],"replies":[{"embeddable":true,"href":"https:\/\/diarioregionaldigital.com.br\/index.php?rest_route=%2Fwp%2Fv2%2Fcomments&post=155947"}],"version-history":[{"count":0,"href":"https:\/\/diarioregionaldigital.com.br\/index.php?rest_route=\/wp\/v2\/posts\/155947\/revisions"}],"wp:featuredmedia":[{"embeddable":true,"href":"https:\/\/diarioregionaldigital.com.br\/index.php?rest_route=\/wp\/v2\/media\/155948"}],"wp:attachment":[{"href":"https:\/\/diarioregionaldigital.com.br\/index.php?rest_route=%2Fwp%2Fv2%2Fmedia&parent=155947"}],"wp:term":[{"taxonomy":"category","embeddable":true,"href":"https:\/\/diarioregionaldigital.com.br\/index.php?rest_route=%2Fwp%2Fv2%2Fcategories&post=155947"},{"taxonomy":"post_tag","embeddable":true,"href":"https:\/\/diarioregionaldigital.com.br\/index.php?rest_route=%2Fwp%2Fv2%2Ftags&post=155947"}],"curies":[{"name":"wp","href":"https:\/\/api.w.org\/{rel}","templated":true}]}}