{"id":155944,"date":"2020-02-27T15:22:54","date_gmt":"2020-02-27T18:22:54","guid":{"rendered":"https:\/\/diarioregionaldigital.com.br\/?p=155944"},"modified":"2020-02-27T15:22:54","modified_gmt":"2020-02-27T18:22:54","slug":"demlurb-recolhe-15-toneladas-de-lixo-apos-blocos-de-carnaval","status":"publish","type":"post","link":"https:\/\/diarioregionaldigital.com.br\/?p=155944","title":{"rendered":"Demlurb recolhe 15 toneladas de lixo ap\u00f3s blocos de carnaval"},"content":{"rendered":"<p><span style=\"font-weight: 400;\">O Departamento Municipal de Limpeza Urbana (Demlurb) da Prefeitura de Juiz de Fora (PJF) recolheu, entre 7 e 25 de fevereiro, 15 toneladas de lixo pelas ruas da cidade, onde foram realizados os 49 blocos e 3 bailinhos cadastrados na Funda\u00e7\u00e3o Alfredo Ferreira Lage (Funalfa).<\/span><\/p>\n<p><span style=\"font-weight: 400;\">Em todos os dias da folia, cerca de 35 servidores estiveram envolvidos na limpeza. O Demlurb tamb\u00e9m disponibilizou diversos cont\u00eaineres e lixeiras. &#8220;Foi uma quantidade de lixo muito elevada recolhida pelos servidores ap\u00f3s os blocos. \u00c9 necess\u00e1ria a conscientiza\u00e7\u00e3o da popula\u00e7\u00e3o quanto a esse excesso, porque prejudica quem mora nas ruas que recebem os blocos. Lugar de lixo \u00e9 nas lixeiras. Precisamos ficar atentos n\u00e3o s\u00f3 nesta \u00e9poca de folia, mas tamb\u00e9m durante o ano todo&#8221;, diz o diretor operacional do Demlurb, Tiago Rocha.<\/span><\/p>\n<p>&nbsp;<\/p>\n<p><strong>Fonte:<\/strong>\u00a0Assessoria<\/p>\n","protected":false},"excerpt":{"rendered":"<p>O Departamento Municipal de Limpeza Urbana (Demlurb) da Prefeitura de Juiz de Fora (PJF) recolheu, entre 7 e 25 de fevereiro, 15 toneladas de lixo pelas ruas da cidade, onde foram realizados os 49 blocos e 3 bailinhos cadastrados na Funda\u00e7\u00e3o Alfredo Ferreira Lage (Funalfa). Em todos os dias da folia, cerca de 35 servidores [&hellip;]<\/p>\n","protected":false},"author":96,"featured_media":155945,"comment_status":"closed","ping_status":"closed","sticky":false,"template":"","format":"standard","meta":{"footnotes":""},"categories":[253,436,439],"tags":[],"class_list":["post-155944","post","type-post","status-publish","format-standard","has-post-thumbnail","hentry","category-cidade","category-destaque-da-semana","category-ultima-hora"],"_links":{"self":[{"href":"https:\/\/diarioregionaldigital.com.br\/index.php?rest_route=\/wp\/v2\/posts\/155944","targetHints":{"allow":["GET"]}}],"collection":[{"href":"https:\/\/diarioregionaldigital.com.br\/index.php?rest_route=\/wp\/v2\/posts"}],"about":[{"href":"https:\/\/diarioregionaldigital.com.br\/index.php?rest_route=\/wp\/v2\/types\/post"}],"author":[{"embeddable":true,"href":"https:\/\/diarioregionaldigital.com.br\/index.php?rest_route=\/wp\/v2\/users\/96"}],"replies":[{"embeddable":true,"href":"https:\/\/diarioregionaldigital.com.br\/index.php?rest_route=%2Fwp%2Fv2%2Fcomments&post=155944"}],"version-history":[{"count":0,"href":"https:\/\/diarioregionaldigital.com.br\/index.php?rest_route=\/wp\/v2\/posts\/155944\/revisions"}],"wp:featuredmedia":[{"embeddable":true,"href":"https:\/\/diarioregionaldigital.com.br\/index.php?rest_route=\/wp\/v2\/media\/155945"}],"wp:attachment":[{"href":"https:\/\/diarioregionaldigital.com.br\/index.php?rest_route=%2Fwp%2Fv2%2Fmedia&parent=155944"}],"wp:term":[{"taxonomy":"category","embeddable":true,"href":"https:\/\/diarioregionaldigital.com.br\/index.php?rest_route=%2Fwp%2Fv2%2Fcategories&post=155944"},{"taxonomy":"post_tag","embeddable":true,"href":"https:\/\/diarioregionaldigital.com.br\/index.php?rest_route=%2Fwp%2Fv2%2Ftags&post=155944"}],"curies":[{"name":"wp","href":"https:\/\/api.w.org\/{rel}","templated":true}]}}